{"id":2156028,"date":"2026-04-30T11:14:40","date_gmt":"2026-04-30T09:14:40","guid":{"rendered":"https:\/\/www.homewizard.com\/?p=2156028"},"modified":"2026-05-01T10:58:22","modified_gmt":"2026-05-01T08:58:22","slug":"terheleselosztas-toltoallomashoz-mi-az-es-szuksegem-van-ra","status":"publish","type":"post","link":"https:\/\/www.homewizard.com\/hu\/blog\/terheleselosztas-toltoallomashoz-mi-az-es-szuksegem-van-ra\/","title":{"rendered":"Terhel\u00e9seloszt\u00e1s t\u00f6lt\u0151\u00e1llom\u00e1shoz: mi az \u00e9s sz\u00fcks\u00e9gem van r\u00e1?"},"content":{"rendered":"\n<p class=\" eplus-wrapper\">K\u00e9pzelje el, hogy haza\u00e9r a munk\u00e1b\u00f3l, az aut\u00f3ja akkumul\u00e1tora majdnem lemer\u00fclt, ez\u00e9rt \u00fagy d\u00f6nt, felt\u00f6lti. F\u0151zni kezd, bekapcsolja a s\u00fct\u0151t, \u00e9s hirtelen elmegy az \u00e1ram. Ez egyre gyakoribb jelens\u00e9g, ahogy az elektromos aut\u00f3z\u00e1s egyre n\u00e9pszer\u0171bb\u00e9 v\u00e1lik, \u00edgy Magyarorsz\u00e1gon is. Egyre t\u00f6bb h\u00e1ztart\u00e1s rendelkezik saj\u00e1t t\u00f6lt\u0151\u00e1llom\u00e1ssal. Ugyanakkor otthon sz\u00e1mos m\u00e1s elektromos eszk\u00f6zt is haszn\u00e1lunk, p\u00e9ld\u00e1ul indukci\u00f3s f\u0151z\u0151lapokat, h\u0151szivatty\u00fakat \u00e9s mos\u00f3g\u00e9peket. Amikor ezek az eszk\u00f6z\u00f6k egyszerre fogyasztanak \u00e1ramot, az elektromos h\u00e1l\u00f3zati csatlakoz\u00e1s terhel\u00e9se t\u00fal magas lehet. Ez \u00e1ramkimarad\u00e1shoz vezethet.<\/p>\n\n\n\n<p class=\" eplus-wrapper\">A terhel\u00e9seloszt\u00e1s (vagy&nbsp;load balancing) egy olyan technika, amely megel\u0151zi ezt a probl\u00e9m\u00e1t. De mi is pontosan a terhel\u00e9seloszt\u00e1s, \u00e9s mikor van r\u00e1 sz\u00fcks\u00e9ge?<\/p>\n\n\n\n<h2 class=\" wp-block-heading eplus-wrapper\"><strong>Mi az a terhel\u00e9seloszt\u00e1s?<\/strong><\/h2>\n\n\n\n<p class=\" eplus-wrapper\">Ez a t\u00f6lt\u0151\u00e1llom\u00e1s egy intelligens funkci\u00f3ja, amely biztos\u00edtja, hogy az elektromos h\u00e1l\u00f3zati csatlakoz\u00e1sa ne legyen t\u00falterhelve. A biztos\u00edt\u00e9kszekr\u00e9nyben l\u00e9v\u0151 f\u0151csatlakoz\u00e1snak van egy maxim\u00e1lis \u00e1ramer\u0151ss\u00e9ge (amper), amelyet egyszerre lehet haszn\u00e1lni. Ha ezt a hat\u00e1rt t\u00fall\u00e9pik, az \u00e1ram automatikusan lekapcsol a k\u00e1rok elker\u00fcl\u00e9se \u00e9rdek\u00e9ben.<\/p>\n\n\n\n<p class=\" eplus-wrapper\">A terhel\u00e9seloszt\u00e1ssal folyamatosan m\u00e9rik, mennyi \u00e1ramot fogyaszt a h\u00e1ztart\u00e1sa. Ennek alapj\u00e1n a t\u00f6lt\u0151\u00e1llom\u00e1s automatikusan be\u00e1ll\u00edtja a t\u00f6lt\u00e9si teljes\u00edtm\u00e9nyt. Sokat fogyaszt otthon? Akkor a t\u00f6lt\u0151\u00e1llom\u00e1s ideiglenesen cs\u00f6kkenti a teljes\u00edtm\u00e9nyt. Kev\u00e9s \u00e1ramot haszn\u00e1l? Akkor a teljes\u00edtm\u00e9ny n\u00f6vekszik. \u00cdgy elker\u00fclheti az \u00e1ramkimarad\u00e1sokat \u00e9s a h\u00e1l\u00f3zati csatlakoz\u00e1s k\u00f6lts\u00e9ges b\u0151v\u00edt\u00e9s\u00e9t. Ez befoly\u00e1solja, milyen gyorsan t\u00f6lt\u0151dik fel az aut\u00f3ja.<\/p>\n\n\n\n<h2 class=\" wp-block-heading eplus-wrapper\"><strong>Mikor van sz\u00fcks\u00e9gem terhel\u00e9seloszt\u00e1sra?<\/strong><\/h2>\n\n\n\n<p class=\" eplus-wrapper\">Nem minden h\u00e1ztart\u00e1snak van felt\u00e9tlen\u00fcl sz\u00fcks\u00e9ge r\u00e1, de sok helyzetben er\u0151sen aj\u00e1nlott.<\/p>\n\n\n\n<p class=\" eplus-wrapper\">Val\u00f3sz\u00edn\u0171leg haszn\u00e1t veszi, ha:<\/p>\n\n\n<ul class=\" wp-block-list eplus-wrapper eplus-styles-uid-308c6b\">\n<li class=\" eplus-wrapper\">sok elektromos eszk\u00f6zt haszn\u00e1l;<\/li>\n\n\n\n<li class=\" eplus-wrapper\">h\u0151szivatty\u00faja vagy indukci\u00f3s f\u0151z\u0151lapja van;<\/li>\n\n\n\n<li class=\" eplus-wrapper\">viszonylag korl\u00e1tozott h\u00e1l\u00f3zati csatlakoz\u00e1ssal rendelkezik;<\/li>\n\n\n\n<li class=\" eplus-wrapper\">rendszeresen t\u00f6bb eszk\u00f6zt haszn\u00e1l egyszerre.<\/li>\n<\/ul>\n\n\n<p class=\" eplus-wrapper\">En\u00e9lk\u00fcl fenn\u00e1ll a vesz\u00e9lye, hogy lecsapja a biztos\u00edt\u00e9kot, mik\u00f6zben az aut\u00f3ja t\u00f6lt.<\/p>\n\n\n\n<h2 class=\" wp-block-heading eplus-wrapper\"><strong>Hogyan m\u0171k\u00f6dik a terhel\u00e9seloszt\u00e1s egy t\u00f6lt\u0151\u00e1llom\u00e1sn\u00e1l?<\/strong><\/h2>\n\n\n\n<p class=\" eplus-wrapper\">A t\u00f6lt\u0151\u00e1llom\u00e1s \u00e9s a biztos\u00edt\u00e9kszekr\u00e9ny k\u00f6z\u00f6tti kommunik\u00e1ci\u00f3n kereszt\u00fcl m\u0171k\u00f6dik. Sok otthonban a t\u00f6lt\u0151\u00e1llom\u00e1st k\u00f6zvetlen\u00fcl az okosm\u00e9r\u0151 P1 portj\u00e1hoz csatlakoztatj\u00e1k. M\u00e1r van csatlakoztatott&nbsp;<a href=\"https:\/\/www.homewizard.com\/hu\/p1-meter\/\" target=\"_blank\" rel=\"noreferrer noopener\">P1 Meter<\/a>&nbsp;eszk\u00f6ze? Akkor n\u00e9ha sz\u00fcks\u00e9g lehet egy eloszt\u00f3ra (splitter). N\u00e9h\u00e1ny t\u00f6lt\u0151\u00e1llom\u00e1s k\u00e9pes adatokat olvasni p\u00e9ld\u00e1ul a P1 Meteren kereszt\u00fcl. R\u00e9gebbi m\u00e9r\u0151\u00f3r\u00e1ja van? Akkor egy szakember telep\u00edthet egy tov\u00e1bbi m\u00e9r\u0151t az \u00e1ramfogyaszt\u00e1s m\u00e9r\u00e9s\u00e9re.<\/p>\n\n\n\n<p class=\" eplus-wrapper\">A t\u00f6lt\u0151\u00e1llom\u00e1s:<\/p>\n\n\n<ul class=\" wp-block-list eplus-wrapper eplus-styles-uid-c7d012\">\n<li class=\" eplus-wrapper\">m\u00e9ri az aktu\u00e1lis \u00e1ramfogyaszt\u00e1st a h\u00e1zban;<\/li>\n\n\n\n<li class=\" eplus-wrapper\">meghat\u00e1rozza, mennyi kapacit\u00e1s \u00e1ll m\u00e9g rendelkez\u00e9sre;<\/li>\n\n\n\n<li class=\" eplus-wrapper\">automatikusan be\u00e1ll\u00edtja a t\u00f6lt\u00e9si teljes\u00edtm\u00e9nyt.<\/li>\n<\/ul>\n\n\n<p class=\" eplus-wrapper\">Ez folyamatosan \u00e9s teljesen automatikusan t\u00f6rt\u00e9nik, an\u00e9lk\u00fcl, hogy \u00d6nnek b\u00e1rmit is tennie kellene.<\/p>\n\n\n\n<h2 class=\" wp-block-heading eplus-wrapper\"><strong>Milyen t\u00edpusai vannak?<\/strong><\/h2>\n\n\n\n<p class=\" eplus-wrapper\">A gyakorlatban gyakran megk\u00fcl\u00f6nb\u00f6ztetnek egyetlen t\u00f6lt\u0151\u00e1llom\u00e1sra vonatkoz\u00f3 terhel\u00e9seloszt\u00e1st \u00e9s olyan rendszereket, amelyek a teljes\u00edtm\u00e9nyt t\u00f6bb eszk\u00f6z vagy t\u00f6lt\u0151pont k\u00f6z\u00f6tt osztj\u00e1k el.<\/p>\n\n\n\n<p class=\" eplus-wrapper\"><strong>Terhel\u00e9seloszt\u00e1s (otthoni)<\/strong><br>Itt egyetlen t\u00f6lt\u0151\u00e1llom\u00e1s \u00e1ll\u00edtja be a t\u00f6lt\u00e9si teljes\u00edtm\u00e9nyt a h\u00e1z \u00e1ramfogyaszt\u00e1sa alapj\u00e1n. Ez a leggyakoribb helyzet a mag\u00e1nszem\u00e9lyekn\u00e9l.<\/p>\n\n\n\n<p class=\" eplus-wrapper\"><strong>Terhel\u00e9seloszt\u00e1s t\u00f6bb felhaszn\u00e1l\u00f3 eset\u00e9n<\/strong><br>Bonyolultabb helyzetekben, p\u00e9ld\u00e1ul c\u00e9gekn\u00e9l vagy t\u00e1rsash\u00e1zakban, a rendelkez\u00e9sre \u00e1ll\u00f3 teljes\u00edtm\u00e9nyt t\u00f6bb t\u00f6lt\u0151\u00e1llom\u00e1s vagy m\u00e1s nagyfogyaszt\u00f3 (p\u00e9ld\u00e1ul h\u0151szivatty\u00fak vagy akkumul\u00e1torok) k\u00f6z\u00f6tt osztj\u00e1k el. \u00cdgy minden eszk\u00f6z a rendelkez\u00e9sre \u00e1ll\u00f3 kapacit\u00e1s egy r\u00e9sz\u00e9t kapja.<\/p>\n\n\n\n<h2 class=\" wp-block-heading eplus-wrapper\"><strong>Terhel\u00e9seloszt\u00e1s \u00e9s napelemek.<\/strong><\/h2>\n\n\n\n<p class=\" eplus-wrapper\">Vannak napelemei? A terhel\u00e9seloszt\u00e1s k\u00f6zvetve egy\u00fcttm\u0171k\u00f6dhet vel\u00fck. A t\u00f6lt\u0151\u00e1llom\u00e1s ugyanis a teljes \u00e1ramfogyaszt\u00e1st figyeli a csatlakoz\u00e1son, bele\u00e9rtve a termel\u00e9st \u00e9s a fogyaszt\u00e1st is. Sokat termel napenergi\u00e1val, mik\u00f6zben az aut\u00f3ja t\u00f6lt? Akkor ennek az \u00e1ramnak egy nagyobb r\u00e9sz\u00e9t k\u00f6zvetlen\u00fcl az aut\u00f3ja haszn\u00e1lja fel. Kevesebb a termel\u00e9s vagy t\u00f6bb a fogyaszt\u00e1s a h\u00e1zban? Akkor automatikusan t\u00f6bb \u00e1ramot vesz a h\u00e1l\u00f3zatr\u00f3l.<\/p>\n\n\n\n<p class=\" eplus-wrapper\">Figyelem: a terhel\u00e9seloszt\u00e1s \u00f6nmag\u00e1ban nem akt\u00edvan vez\u00e9rli a napenergi\u00e1t. Ehhez speci\u00e1lis funkci\u00f3kra vagy egy \u00f6ko-m\u00f3ddal rendelkez\u0151 t\u00f6lt\u0151\u00e1llom\u00e1sra van sz\u00fcks\u00e9g.<\/p>\n\n\n\n<div class=\" wp-block-media-text has-media-on-the-right is-stacked-on-mobile eplus-wrapper\" style=\"grid-template-columns:auto 39%\"><div class=\"wp-block-media-text__content\">\n<h2 class=\" wp-block-heading eplus-wrapper\"><strong><strong><strong>Hogyan tudhatom meg, mennyi \u00e1ramot haszn\u00e1lhatok?<\/strong><\/strong><\/strong><\/h2>\n\n\n\n<p class=\" eplus-wrapper\">Annak meg\u00e1llap\u00edt\u00e1s\u00e1hoz, hogy sz\u00fcks\u00e9g van-e terhel\u00e9seloszt\u00e1sra, fontos ismerni a maxim\u00e1lis csatlakoz\u00e1si kapacit\u00e1s\u00e1t. Ezt megtal\u00e1lja az energiasz\u00e1ml\u00e1j\u00e1n vagy a biztos\u00edt\u00e9kszekr\u00e9ny specifik\u00e1ci\u00f3iban. T\u00f6bb betekint\u00e9st szeretne? Haszn\u00e1lhat egy P1 Meter-t vagy&nbsp;<a href=\"https:\/\/www.homewizard.com\/hu\/kwh-meter\/\" target=\"_blank\" rel=\"noreferrer noopener\">kWh Meter-t<\/a>. Ezekkel pontosan l\u00e1thatja, mennyi \u00e1ramot fogyaszt \u00e9s mikor keletkeznek cs\u00facs\u00e9rt\u00e9kek.<\/p>\n<\/div><figure class=\"wp-block-media-text__media\"><img loading=\"lazy\" decoding=\"async\" width=\"1024\" height=\"1024\" src=\"https:\/\/cdn.homewizard.com\/wp-content\/uploads\/2026\/04\/kWh_meter_3F_app_EN-New-4-1024x1024.png\" alt=\"\" class=\"wp-image-2158249 size-full\" srcset=\"https:\/\/www.homewizard.com\/wp-content\/uploads\/2026\/04\/kWh_meter_3F_app_EN-New-4-1024x1024.png 1024w, https:\/\/www.homewizard.com\/wp-content\/uploads\/2026\/04\/kWh_meter_3F_app_EN-New-4-300x300.png 300w, https:\/\/www.homewizard.com\/wp-content\/uploads\/2026\/04\/kWh_meter_3F_app_EN-New-4-150x150.png 150w, https:\/\/www.homewizard.com\/wp-content\/uploads\/2026\/04\/kWh_meter_3F_app_EN-New-4-768x768.png 768w, https:\/\/www.homewizard.com\/wp-content\/uploads\/2026\/04\/kWh_meter_3F_app_EN-New-4-500x500.png 500w, https:\/\/www.homewizard.com\/wp-content\/uploads\/2026\/04\/kWh_meter_3F_app_EN-New-4-800x800.png 800w, https:\/\/www.homewizard.com\/wp-content\/uploads\/2026\/04\/kWh_meter_3F_app_EN-New-4-124x124.png 124w\" sizes=\"auto, (max-width: 1024px) 100vw, 1024px\" \/><\/figure><\/div>\n\n\n\n<h2 class=\" wp-block-heading eplus-wrapper\"><strong>Mennyi \u00e1ramot fogyaszt egy t\u00f6lt\u0151\u00e1llom\u00e1s?<\/strong><\/h2>\n\n\n\n<p class=\" eplus-wrapper\">Egy t\u00f6lt\u0151\u00e1llom\u00e1s az otthon egyik legnagyobb \u00e1ramfogyaszt\u00f3ja. A t\u00f6lt\u0151\u00e1llom\u00e1s t\u00edpus\u00e1t\u00f3l f\u00fcgg\u0151en ez el\u00e9rheti a 3,7 kW (1-f\u00e1zis\u00fa), 11 kW (3-f\u00e1zis\u00fa) vagy 22 kW (\u00fczleti) teljes\u00edtm\u00e9nyt. Ha egyszerre m\u00e1s eszk\u00f6z\u00f6ket is haszn\u00e1l, a maxim\u00e1lis kapacit\u00e1s gyorsan el\u00e9rhet\u0151. Pontosan ez\u00e9rt a terhel\u00e9seloszt\u00e1s sok h\u00e1ztart\u00e1sban nem luxus, hanem okos v\u00e1laszt\u00e1s.<\/p>\n\n\n\n<h2 class=\" wp-block-heading eplus-wrapper\"><strong>Mennyibe ker\u00fcl a terhel\u00e9seloszt\u00e1s?<\/strong><\/h2>\n\n\n\n<p class=\" eplus-wrapper\">A terhel\u00e9seloszt\u00e1s \u00e1ltal\u00e1ban egyszeri beruh\u00e1z\u00e1s a t\u00f6lt\u0151\u00e1llom\u00e1sba vagy a telep\u00edt\u00e9sbe. Az alternat\u00edva (a h\u00e1l\u00f3zati csatlakoz\u00e1s b\u0151v\u00edt\u00e9se) \u00e9ves szinten magasabb k\u00f6lts\u00e9gekkel j\u00e1r a h\u00e1l\u00f3zati szolg\u00e1ltat\u00f3n kereszt\u00fcl. Sok esetben a terhel\u00e9seloszt\u00e1s hossz\u00fa t\u00e1von a legk\u00f6lts\u00e9ghat\u00e9konyabb megold\u00e1s.<\/p>\n\n\n\n<h2 class=\" wp-block-heading eplus-wrapper\"><strong>Konkl\u00fazi\u00f3: meg\u00e9ri a terhel\u00e9seloszt\u00e1s?<\/strong><\/h2>\n\n\n\n<p class=\" eplus-wrapper\">A legt\u00f6bb h\u00e1ztart\u00e1sban a terhel\u00e9seloszt\u00e1s okos \u00e9s gyakran sz\u00fcks\u00e9ges kieg\u00e9sz\u00edt\u00e9s. Csak akkor n\u00e9lk\u00fcl\u00f6zheti, ha nagyon nagy h\u00e1l\u00f3zati csatlakoz\u00e1ssal \u00e9s kev\u00e9s egyidej\u0171 fogyaszt\u00e1ssal rendelkezik. Minden m\u00e1s esetben megel\u0151zi a probl\u00e9m\u00e1kat \u00e9s hat\u00e9konyabb, biztons\u00e1gosabb t\u00f6lt\u00e9st biztos\u00edt.<\/p>\n\n\n\n<h2 class=\" wp-block-heading eplus-wrapper\"><strong>Gyakran ism\u00e9telt k\u00e9rd\u00e9sek.<\/strong><\/h2>\n\n\n\n<div class=\"schema-faq wp-block-yoast-faq-block\"><div class=\"schema-faq-section\" id=\"faq-question-1777540316854\"><strong class=\"schema-faq-question\"><strong>Mit csin\u00e1l pontosan a terhel\u00e9seloszt\u00e1s?<\/strong><\/strong> <p class=\"schema-faq-answer\">Biztos\u00edtja, hogy a t\u00f6lt\u0151\u00e1llom\u00e1s automatikusan kevesebb \u00e1ramot haszn\u00e1ljon, amikor m\u00e1s eszk\u00f6z\u00f6k a h\u00e1zban sok energi\u00e1t fogyasztanak. \u00cdgy elker\u00fclhet\u0151 a f\u0151csatlakoz\u00e1s t\u00falterhel\u00e9se.<\/p> <\/div> <div class=\"schema-faq-section\" id=\"faq-question-1777540330218\"><strong class=\"schema-faq-question\"><strong>Sz\u00fcks\u00e9gem van terhel\u00e9seloszt\u00e1sra a t\u00f6lt\u0151\u00e1llom\u00e1somhoz?<\/strong><\/strong> <p class=\"schema-faq-answer\">Gyakran igen. Ha sok elektromos eszk\u00f6ze van vagy korl\u00e1tozott a csatlakoz\u00e1sa, a terhel\u00e9seloszt\u00e1s er\u0151sen aj\u00e1nlott.<\/p> <\/div> <div class=\"schema-faq-section\" id=\"faq-question-1777540337371\"><strong class=\"schema-faq-question\"><strong>M\u0171k\u00f6dik a terhel\u00e9seloszt\u00e1s napelemekkel?<\/strong><\/strong> <p class=\"schema-faq-answer\">Igen, de k\u00f6zvetve. A terhel\u00e9seloszt\u00e1s a teljes fogyaszt\u00e1st figyeli: a napenergi\u00e1t \u00edgy felhaszn\u00e1lja. A val\u00f3di napelemes t\u00f6lt\u00e9shez \u00f6ko- vagy napenergia funkci\u00f3ra van sz\u00fcks\u00e9g a t\u00f6lt\u0151\u00e1llom\u00e1son.<\/p> <\/div> <div class=\"schema-faq-section\" id=\"faq-question-1777540351602\"><strong class=\"schema-faq-question\"><strong>K\u00f6telez\u0151 a terhel\u00e9seloszt\u00e1s?<\/strong><\/strong> <p class=\"schema-faq-answer\">Nem, nem k\u00f6telez\u0151. De sok helyzetben ez a legbiztons\u00e1gosabb \u00e9s legink\u00e1bb j\u00f6v\u0151\u00e1ll\u00f3 v\u00e1laszt\u00e1s.<\/p> <\/div> <\/div>\n\n\n<div class=\"wp-block-post-author\"><div class=\"wp-block-post-author__avatar\"><img alt='' src='https:\/\/secure.gravatar.com\/avatar\/6203913bf32f1d53a3b10325cc100592510e76f27d1e4dbb6fd9df7f37d1911d?s=48&#038;r=g' srcset='https:\/\/secure.gravatar.com\/avatar\/6203913bf32f1d53a3b10325cc100592510e76f27d1e4dbb6fd9df7f37d1911d?s=96&#038;r=g 2x' class='avatar avatar-48 photo' height='48' width='48' \/><\/div><div class=\"wp-block-post-author__content\"><p class=\"wp-block-post-author__name\">Tamara Huber<\/p><\/div><\/div>","protected":false},"excerpt":{"rendered":"<p>K\u00e9pzelje el, hogy haza\u00e9r a munk\u00e1b\u00f3l, az aut\u00f3ja akkumul\u00e1tora majdnem lemer\u00fclt, ez\u00e9rt \u00fagy d\u00f6nt, felt\u00f6lti. F\u0151zni kezd, bekapcsolja a s\u00fct\u0151t, \u00e9s hirtelen elmegy az \u00e1ram. Ez egyre gyakoribb jelens\u00e9g, ahogy az elektromos aut\u00f3z\u00e1s egyre n\u00e9pszer\u0171bb\u00e9 v\u00e1lik, \u00edgy Magyarorsz\u00e1gon is. Egyre t\u00f6bb h\u00e1ztart\u00e1s rendelkezik saj\u00e1t t\u00f6lt\u0151\u00e1llom\u00e1ssal. Ugyanakkor otthon sz\u00e1mos m\u00e1s elektromos eszk\u00f6zt is haszn\u00e1lunk, p\u00e9ld\u00e1ul indukci\u00f3s&hellip;<\/p>\n","protected":false},"author":779690,"featured_media":2155966,"comment_status":"closed","ping_status":"closed","sticky":false,"template":"","format":"standard","meta":{"_acf_changed":false,"editor_plus_copied_stylings":"{}","footnotes":""},"categories":[346],"tags":[],"class_list":["post-2156028","post","type-post","status-publish","format-standard","has-post-thumbnail","hentry","category-magyarazat"],"acf":[],"yoast_head":"<!-- This site is optimized with the Yoast SEO plugin v27.0 - https:\/\/yoast.com\/product\/yoast-seo-wordpress\/ -->\n<title>Terhel\u00e9seloszt\u00e1s t\u00f6lt\u0151\u00e1llom\u00e1shoz - HomeWizard<\/title>\n<meta name=\"description\" content=\"A t\u00f6lt\u0151\u00e1llom\u00e1s terhel\u00e9seloszt\u00e1sa megel\u0151zi az \u00e1ramkimarad\u00e1st. Ismerje meg m\u0171k\u00f6d\u00e9s\u00e9t, el\u0151nyeit \u00e9s hogy \u00d6nnek sz\u00fcks\u00e9ge van-e r\u00e1.\" \/>\n<meta name=\"robots\" content=\"index, follow, max-snippet:-1, max-image-preview:large, max-video-preview:-1\" \/>\n<link rel=\"canonical\" href=\"https:\/\/www.homewizard.com\/hu\/blog\/terheleselosztas-toltoallomashoz-mi-az-es-szuksegem-van-ra\/\" \/>\n<meta property=\"og:locale\" content=\"hu_HU\" \/>\n<meta property=\"og:type\" content=\"article\" \/>\n<meta property=\"og:title\" content=\"Terhel\u00e9seloszt\u00e1s t\u00f6lt\u0151\u00e1llom\u00e1shoz - HomeWizard\" \/>\n<meta property=\"og:description\" content=\"A t\u00f6lt\u0151\u00e1llom\u00e1s terhel\u00e9seloszt\u00e1sa megel\u0151zi az \u00e1ramkimarad\u00e1st. Ismerje meg m\u0171k\u00f6d\u00e9s\u00e9t, el\u0151nyeit \u00e9s hogy \u00d6nnek sz\u00fcks\u00e9ge van-e r\u00e1.\" \/>\n<meta property=\"og:url\" content=\"https:\/\/www.homewizard.com\/hu\/blog\/terheleselosztas-toltoallomashoz-mi-az-es-szuksegem-van-ra\/\" \/>\n<meta property=\"og:site_name\" content=\"HomeWizard\" \/>\n<meta property=\"article:publisher\" content=\"https:\/\/www.facebook.com\/HomeWizardBV\/\" \/>\n<meta property=\"article:published_time\" content=\"2026-04-30T09:14:40+00:00\" \/>\n<meta property=\"article:modified_time\" content=\"2026-05-01T08:58:22+00:00\" \/>\n<meta property=\"og:image\" content=\"https:\/\/www.homewizard.com\/wp-content\/uploads\/2023\/09\/loadbalancing-blog-1.png\" \/>\n\t<meta property=\"og:image:width\" content=\"1110\" \/>\n\t<meta property=\"og:image:height\" content=\"720\" \/>\n\t<meta property=\"og:image:type\" content=\"image\/png\" \/>\n<meta name=\"author\" content=\"Tamara Huber\" \/>\n<meta name=\"twitter:card\" content=\"summary_large_image\" \/>\n<meta name=\"twitter:creator\" content=\"@HomeWizard_NL\" \/>\n<meta name=\"twitter:site\" content=\"@HomeWizard_NL\" \/>\n<meta name=\"twitter:label1\" content=\"Szerz\u0151:\" \/>\n\t<meta name=\"twitter:data1\" content=\"Tamara Huber\" \/>\n\t<meta name=\"twitter:label2\" content=\"Becs\u00fclt olvas\u00e1si id\u0151\" \/>\n\t<meta name=\"twitter:data2\" content=\"4 perc\" \/>\n<script type=\"application\/ld+json\" class=\"yoast-schema-graph\">{\"@context\":\"https:\/\/schema.org\",\"@graph\":[{\"@type\":[\"Article\",\"BlogPosting\"],\"@id\":\"https:\/\/www.homewizard.com\/hu\/blog\/terheleselosztas-toltoallomashoz-mi-az-es-szuksegem-van-ra\/#article\",\"isPartOf\":{\"@id\":\"https:\/\/www.homewizard.com\/hu\/blog\/terheleselosztas-toltoallomashoz-mi-az-es-szuksegem-van-ra\/\"},\"author\":{\"name\":\"Tamara Huber\",\"@id\":\"https:\/\/www.homewizard.com\/hu\/#\/schema\/person\/6161a497368d8bf5804d3e39ca755971\"},\"headline\":\"Terhel\u00e9seloszt\u00e1s t\u00f6lt\u0151\u00e1llom\u00e1shoz: mi az \u00e9s sz\u00fcks\u00e9gem van r\u00e1?\",\"datePublished\":\"2026-04-30T09:14:40+00:00\",\"dateModified\":\"2026-05-01T08:58:22+00:00\",\"mainEntityOfPage\":{\"@id\":\"https:\/\/www.homewizard.com\/hu\/blog\/terheleselosztas-toltoallomashoz-mi-az-es-szuksegem-van-ra\/\"},\"wordCount\":1339,\"publisher\":{\"@id\":\"https:\/\/www.homewizard.com\/hu\/#organization\"},\"image\":{\"@id\":\"https:\/\/www.homewizard.com\/hu\/blog\/terheleselosztas-toltoallomashoz-mi-az-es-szuksegem-van-ra\/#primaryimage\"},\"thumbnailUrl\":\"https:\/\/www.homewizard.com\/wp-content\/uploads\/2023\/09\/loadbalancing-blog-1.png\",\"articleSection\":[\"Magyar\u00e1zat\"],\"inLanguage\":\"hu\"},{\"@type\":[\"WebPage\",\"FAQPage\"],\"@id\":\"https:\/\/www.homewizard.com\/hu\/blog\/terheleselosztas-toltoallomashoz-mi-az-es-szuksegem-van-ra\/\",\"url\":\"https:\/\/www.homewizard.com\/hu\/blog\/terheleselosztas-toltoallomashoz-mi-az-es-szuksegem-van-ra\/\",\"name\":\"Terhel\u00e9seloszt\u00e1s t\u00f6lt\u0151\u00e1llom\u00e1shoz - HomeWizard\",\"isPartOf\":{\"@id\":\"https:\/\/www.homewizard.com\/hu\/#website\"},\"primaryImageOfPage\":{\"@id\":\"https:\/\/www.homewizard.com\/hu\/blog\/terheleselosztas-toltoallomashoz-mi-az-es-szuksegem-van-ra\/#primaryimage\"},\"image\":{\"@id\":\"https:\/\/www.homewizard.com\/hu\/blog\/terheleselosztas-toltoallomashoz-mi-az-es-szuksegem-van-ra\/#primaryimage\"},\"thumbnailUrl\":\"https:\/\/www.homewizard.com\/wp-content\/uploads\/2023\/09\/loadbalancing-blog-1.png\",\"datePublished\":\"2026-04-30T09:14:40+00:00\",\"dateModified\":\"2026-05-01T08:58:22+00:00\",\"description\":\"A t\u00f6lt\u0151\u00e1llom\u00e1s terhel\u00e9seloszt\u00e1sa megel\u0151zi az \u00e1ramkimarad\u00e1st. Ismerje meg m\u0171k\u00f6d\u00e9s\u00e9t, el\u0151nyeit \u00e9s hogy \u00d6nnek sz\u00fcks\u00e9ge van-e r\u00e1.\",\"breadcrumb\":{\"@id\":\"https:\/\/www.homewizard.com\/hu\/blog\/terheleselosztas-toltoallomashoz-mi-az-es-szuksegem-van-ra\/#breadcrumb\"},\"mainEntity\":[{\"@id\":\"https:\/\/www.homewizard.com\/hu\/blog\/terheleselosztas-toltoallomashoz-mi-az-es-szuksegem-van-ra\/#faq-question-1777540316854\"},{\"@id\":\"https:\/\/www.homewizard.com\/hu\/blog\/terheleselosztas-toltoallomashoz-mi-az-es-szuksegem-van-ra\/#faq-question-1777540330218\"},{\"@id\":\"https:\/\/www.homewizard.com\/hu\/blog\/terheleselosztas-toltoallomashoz-mi-az-es-szuksegem-van-ra\/#faq-question-1777540337371\"},{\"@id\":\"https:\/\/www.homewizard.com\/hu\/blog\/terheleselosztas-toltoallomashoz-mi-az-es-szuksegem-van-ra\/#faq-question-1777540351602\"}],\"inLanguage\":\"hu\",\"potentialAction\":[{\"@type\":\"ReadAction\",\"target\":[\"https:\/\/www.homewizard.com\/hu\/blog\/terheleselosztas-toltoallomashoz-mi-az-es-szuksegem-van-ra\/\"]}]},{\"@type\":\"ImageObject\",\"inLanguage\":\"hu\",\"@id\":\"https:\/\/www.homewizard.com\/hu\/blog\/terheleselosztas-toltoallomashoz-mi-az-es-szuksegem-van-ra\/#primaryimage\",\"url\":\"https:\/\/www.homewizard.com\/wp-content\/uploads\/2023\/09\/loadbalancing-blog-1.png\",\"contentUrl\":\"https:\/\/www.homewizard.com\/wp-content\/uploads\/2023\/09\/loadbalancing-blog-1.png\",\"width\":1110,\"height\":720},{\"@type\":\"BreadcrumbList\",\"@id\":\"https:\/\/www.homewizard.com\/hu\/blog\/terheleselosztas-toltoallomashoz-mi-az-es-szuksegem-van-ra\/#breadcrumb\",\"itemListElement\":[{\"@type\":\"ListItem\",\"position\":1,\"name\":\"Home\",\"item\":\"https:\/\/www.homewizard.com\/hu\/\"},{\"@type\":\"ListItem\",\"position\":2,\"name\":\"Terhel\u00e9seloszt\u00e1s t\u00f6lt\u0151\u00e1llom\u00e1shoz: mi az \u00e9s sz\u00fcks\u00e9gem van r\u00e1?\"}]},{\"@type\":\"WebSite\",\"@id\":\"https:\/\/www.homewizard.com\/hu\/#website\",\"url\":\"https:\/\/www.homewizard.com\/hu\/\",\"name\":\"HomeWizard\",\"description\":\"HomeWizard Energy\",\"publisher\":{\"@id\":\"https:\/\/www.homewizard.com\/hu\/#organization\"},\"potentialAction\":[{\"@type\":\"SearchAction\",\"target\":{\"@type\":\"EntryPoint\",\"urlTemplate\":\"https:\/\/www.homewizard.com\/hu\/?s={search_term_string}\"},\"query-input\":{\"@type\":\"PropertyValueSpecification\",\"valueRequired\":true,\"valueName\":\"search_term_string\"}}],\"inLanguage\":\"hu\"},{\"@type\":\"Organization\",\"@id\":\"https:\/\/www.homewizard.com\/hu\/#organization\",\"name\":\"HomeWizard\",\"url\":\"https:\/\/www.homewizard.com\/hu\/\",\"logo\":{\"@type\":\"ImageObject\",\"inLanguage\":\"hu\",\"@id\":\"https:\/\/www.homewizard.com\/hu\/#\/schema\/logo\/image\/\",\"url\":\"https:\/\/www.homewizard.com\/wp-content\/uploads\/2023\/06\/HomeWizard-icon-on-black.png\",\"contentUrl\":\"https:\/\/www.homewizard.com\/wp-content\/uploads\/2023\/06\/HomeWizard-icon-on-black.png\",\"width\":500,\"height\":500,\"caption\":\"HomeWizard\"},\"image\":{\"@id\":\"https:\/\/www.homewizard.com\/hu\/#\/schema\/logo\/image\/\"},\"sameAs\":[\"https:\/\/www.facebook.com\/HomeWizardBV\/\",\"https:\/\/x.com\/HomeWizard_NL\",\"https:\/\/www.youtube.com\/HomeWizardBV\",\"https:\/\/www.instagram.com\/homewizardenergy\/\"]},{\"@type\":\"Person\",\"@id\":\"https:\/\/www.homewizard.com\/hu\/#\/schema\/person\/6161a497368d8bf5804d3e39ca755971\",\"name\":\"Tamara Huber\",\"image\":{\"@type\":\"ImageObject\",\"inLanguage\":\"hu\",\"@id\":\"https:\/\/www.homewizard.com\/hu\/#\/schema\/person\/image\/\",\"url\":\"https:\/\/secure.gravatar.com\/avatar\/6203913bf32f1d53a3b10325cc100592510e76f27d1e4dbb6fd9df7f37d1911d?s=96&r=g\",\"contentUrl\":\"https:\/\/secure.gravatar.com\/avatar\/6203913bf32f1d53a3b10325cc100592510e76f27d1e4dbb6fd9df7f37d1911d?s=96&r=g\",\"caption\":\"Tamara Huber\"},\"description\":\"Tamara Huber schrijft bij HomeWizard over slim energiegebruik. Met een scherpe pen en focus op impact vertaalt ze de wereld van energie naar toegankelijke verhalen, gebruikerservaringen en relevante nieuwsupdates. Zo laat ze zien hoe slim omgaan met energie eruitziet in het dagelijks leven.\",\"url\":\"https:\/\/www.homewizard.com\/hu\/blog\/author\/thuber\/\"},{\"@type\":\"Question\",\"@id\":\"https:\/\/www.homewizard.com\/hu\/blog\/terheleselosztas-toltoallomashoz-mi-az-es-szuksegem-van-ra\/#faq-question-1777540316854\",\"position\":1,\"url\":\"https:\/\/www.homewizard.com\/hu\/blog\/terheleselosztas-toltoallomashoz-mi-az-es-szuksegem-van-ra\/#faq-question-1777540316854\",\"name\":\"Mit csin\u00e1l pontosan a terhel\u00e9seloszt\u00e1s?\",\"answerCount\":1,\"acceptedAnswer\":{\"@type\":\"Answer\",\"text\":\"Biztos\u00edtja, hogy a t\u00f6lt\u0151\u00e1llom\u00e1s automatikusan kevesebb \u00e1ramot haszn\u00e1ljon, amikor m\u00e1s eszk\u00f6z\u00f6k a h\u00e1zban sok energi\u00e1t fogyasztanak. \u00cdgy elker\u00fclhet\u0151 a f\u0151csatlakoz\u00e1s t\u00falterhel\u00e9se.\",\"inLanguage\":\"hu\"},\"inLanguage\":\"hu\"},{\"@type\":\"Question\",\"@id\":\"https:\/\/www.homewizard.com\/hu\/blog\/terheleselosztas-toltoallomashoz-mi-az-es-szuksegem-van-ra\/#faq-question-1777540330218\",\"position\":2,\"url\":\"https:\/\/www.homewizard.com\/hu\/blog\/terheleselosztas-toltoallomashoz-mi-az-es-szuksegem-van-ra\/#faq-question-1777540330218\",\"name\":\"Sz\u00fcks\u00e9gem van terhel\u00e9seloszt\u00e1sra a t\u00f6lt\u0151\u00e1llom\u00e1somhoz?\",\"answerCount\":1,\"acceptedAnswer\":{\"@type\":\"Answer\",\"text\":\"Gyakran igen. Ha sok elektromos eszk\u00f6ze van vagy korl\u00e1tozott a csatlakoz\u00e1sa, a terhel\u00e9seloszt\u00e1s er\u0151sen aj\u00e1nlott.\",\"inLanguage\":\"hu\"},\"inLanguage\":\"hu\"},{\"@type\":\"Question\",\"@id\":\"https:\/\/www.homewizard.com\/hu\/blog\/terheleselosztas-toltoallomashoz-mi-az-es-szuksegem-van-ra\/#faq-question-1777540337371\",\"position\":3,\"url\":\"https:\/\/www.homewizard.com\/hu\/blog\/terheleselosztas-toltoallomashoz-mi-az-es-szuksegem-van-ra\/#faq-question-1777540337371\",\"name\":\"M\u0171k\u00f6dik a terhel\u00e9seloszt\u00e1s napelemekkel?\",\"answerCount\":1,\"acceptedAnswer\":{\"@type\":\"Answer\",\"text\":\"Igen, de k\u00f6zvetve. A terhel\u00e9seloszt\u00e1s a teljes fogyaszt\u00e1st figyeli: a napenergi\u00e1t \u00edgy felhaszn\u00e1lja. A val\u00f3di napelemes t\u00f6lt\u00e9shez \u00f6ko- vagy napenergia funkci\u00f3ra van sz\u00fcks\u00e9g a t\u00f6lt\u0151\u00e1llom\u00e1son.\",\"inLanguage\":\"hu\"},\"inLanguage\":\"hu\"},{\"@type\":\"Question\",\"@id\":\"https:\/\/www.homewizard.com\/hu\/blog\/terheleselosztas-toltoallomashoz-mi-az-es-szuksegem-van-ra\/#faq-question-1777540351602\",\"position\":4,\"url\":\"https:\/\/www.homewizard.com\/hu\/blog\/terheleselosztas-toltoallomashoz-mi-az-es-szuksegem-van-ra\/#faq-question-1777540351602\",\"name\":\"K\u00f6telez\u0151 a terhel\u00e9seloszt\u00e1s?\",\"answerCount\":1,\"acceptedAnswer\":{\"@type\":\"Answer\",\"text\":\"Nem, nem k\u00f6telez\u0151. De sok helyzetben ez a legbiztons\u00e1gosabb \u00e9s legink\u00e1bb j\u00f6v\u0151\u00e1ll\u00f3 v\u00e1laszt\u00e1s.\",\"inLanguage\":\"hu\"},\"inLanguage\":\"hu\"}]}<\/script>\n<!-- \/ Yoast SEO plugin. -->","yoast_head_json":{"title":"Terhel\u00e9seloszt\u00e1s t\u00f6lt\u0151\u00e1llom\u00e1shoz - HomeWizard","description":"A t\u00f6lt\u0151\u00e1llom\u00e1s terhel\u00e9seloszt\u00e1sa megel\u0151zi az \u00e1ramkimarad\u00e1st. Ismerje meg m\u0171k\u00f6d\u00e9s\u00e9t, el\u0151nyeit \u00e9s hogy \u00d6nnek sz\u00fcks\u00e9ge van-e r\u00e1.","robots":{"index":"index","follow":"follow","max-snippet":"max-snippet:-1","max-image-preview":"max-image-preview:large","max-video-preview":"max-video-preview:-1"},"canonical":"https:\/\/www.homewizard.com\/hu\/blog\/terheleselosztas-toltoallomashoz-mi-az-es-szuksegem-van-ra\/","og_locale":"hu_HU","og_type":"article","og_title":"Terhel\u00e9seloszt\u00e1s t\u00f6lt\u0151\u00e1llom\u00e1shoz - HomeWizard","og_description":"A t\u00f6lt\u0151\u00e1llom\u00e1s terhel\u00e9seloszt\u00e1sa megel\u0151zi az \u00e1ramkimarad\u00e1st. Ismerje meg m\u0171k\u00f6d\u00e9s\u00e9t, el\u0151nyeit \u00e9s hogy \u00d6nnek sz\u00fcks\u00e9ge van-e r\u00e1.","og_url":"https:\/\/www.homewizard.com\/hu\/blog\/terheleselosztas-toltoallomashoz-mi-az-es-szuksegem-van-ra\/","og_site_name":"HomeWizard","article_publisher":"https:\/\/www.facebook.com\/HomeWizardBV\/","article_published_time":"2026-04-30T09:14:40+00:00","article_modified_time":"2026-05-01T08:58:22+00:00","og_image":[{"width":1110,"height":720,"url":"https:\/\/www.homewizard.com\/wp-content\/uploads\/2023\/09\/loadbalancing-blog-1.png","type":"image\/png"}],"author":"Tamara Huber","twitter_card":"summary_large_image","twitter_creator":"@HomeWizard_NL","twitter_site":"@HomeWizard_NL","twitter_misc":{"Szerz\u0151:":"Tamara Huber","Becs\u00fclt olvas\u00e1si id\u0151":"4 perc"},"schema":{"@context":"https:\/\/schema.org","@graph":[{"@type":["Article","BlogPosting"],"@id":"https:\/\/www.homewizard.com\/hu\/blog\/terheleselosztas-toltoallomashoz-mi-az-es-szuksegem-van-ra\/#article","isPartOf":{"@id":"https:\/\/www.homewizard.com\/hu\/blog\/terheleselosztas-toltoallomashoz-mi-az-es-szuksegem-van-ra\/"},"author":{"name":"Tamara Huber","@id":"https:\/\/www.homewizard.com\/hu\/#\/schema\/person\/6161a497368d8bf5804d3e39ca755971"},"headline":"Terhel\u00e9seloszt\u00e1s t\u00f6lt\u0151\u00e1llom\u00e1shoz: mi az \u00e9s sz\u00fcks\u00e9gem van r\u00e1?","datePublished":"2026-04-30T09:14:40+00:00","dateModified":"2026-05-01T08:58:22+00:00","mainEntityOfPage":{"@id":"https:\/\/www.homewizard.com\/hu\/blog\/terheleselosztas-toltoallomashoz-mi-az-es-szuksegem-van-ra\/"},"wordCount":1339,"publisher":{"@id":"https:\/\/www.homewizard.com\/hu\/#organization"},"image":{"@id":"https:\/\/www.homewizard.com\/hu\/blog\/terheleselosztas-toltoallomashoz-mi-az-es-szuksegem-van-ra\/#primaryimage"},"thumbnailUrl":"https:\/\/www.homewizard.com\/wp-content\/uploads\/2023\/09\/loadbalancing-blog-1.png","articleSection":["Magyar\u00e1zat"],"inLanguage":"hu"},{"@type":["WebPage","FAQPage"],"@id":"https:\/\/www.homewizard.com\/hu\/blog\/terheleselosztas-toltoallomashoz-mi-az-es-szuksegem-van-ra\/","url":"https:\/\/www.homewizard.com\/hu\/blog\/terheleselosztas-toltoallomashoz-mi-az-es-szuksegem-van-ra\/","name":"Terhel\u00e9seloszt\u00e1s t\u00f6lt\u0151\u00e1llom\u00e1shoz - HomeWizard","isPartOf":{"@id":"https:\/\/www.homewizard.com\/hu\/#website"},"primaryImageOfPage":{"@id":"https:\/\/www.homewizard.com\/hu\/blog\/terheleselosztas-toltoallomashoz-mi-az-es-szuksegem-van-ra\/#primaryimage"},"image":{"@id":"https:\/\/www.homewizard.com\/hu\/blog\/terheleselosztas-toltoallomashoz-mi-az-es-szuksegem-van-ra\/#primaryimage"},"thumbnailUrl":"https:\/\/www.homewizard.com\/wp-content\/uploads\/2023\/09\/loadbalancing-blog-1.png","datePublished":"2026-04-30T09:14:40+00:00","dateModified":"2026-05-01T08:58:22+00:00","description":"A t\u00f6lt\u0151\u00e1llom\u00e1s terhel\u00e9seloszt\u00e1sa megel\u0151zi az \u00e1ramkimarad\u00e1st. Ismerje meg m\u0171k\u00f6d\u00e9s\u00e9t, el\u0151nyeit \u00e9s hogy \u00d6nnek sz\u00fcks\u00e9ge van-e r\u00e1.","breadcrumb":{"@id":"https:\/\/www.homewizard.com\/hu\/blog\/terheleselosztas-toltoallomashoz-mi-az-es-szuksegem-van-ra\/#breadcrumb"},"mainEntity":[{"@id":"https:\/\/www.homewizard.com\/hu\/blog\/terheleselosztas-toltoallomashoz-mi-az-es-szuksegem-van-ra\/#faq-question-1777540316854"},{"@id":"https:\/\/www.homewizard.com\/hu\/blog\/terheleselosztas-toltoallomashoz-mi-az-es-szuksegem-van-ra\/#faq-question-1777540330218"},{"@id":"https:\/\/www.homewizard.com\/hu\/blog\/terheleselosztas-toltoallomashoz-mi-az-es-szuksegem-van-ra\/#faq-question-1777540337371"},{"@id":"https:\/\/www.homewizard.com\/hu\/blog\/terheleselosztas-toltoallomashoz-mi-az-es-szuksegem-van-ra\/#faq-question-1777540351602"}],"inLanguage":"hu","potentialAction":[{"@type":"ReadAction","target":["https:\/\/www.homewizard.com\/hu\/blog\/terheleselosztas-toltoallomashoz-mi-az-es-szuksegem-van-ra\/"]}]},{"@type":"ImageObject","inLanguage":"hu","@id":"https:\/\/www.homewizard.com\/hu\/blog\/terheleselosztas-toltoallomashoz-mi-az-es-szuksegem-van-ra\/#primaryimage","url":"https:\/\/www.homewizard.com\/wp-content\/uploads\/2023\/09\/loadbalancing-blog-1.png","contentUrl":"https:\/\/www.homewizard.com\/wp-content\/uploads\/2023\/09\/loadbalancing-blog-1.png","width":1110,"height":720},{"@type":"BreadcrumbList","@id":"https:\/\/www.homewizard.com\/hu\/blog\/terheleselosztas-toltoallomashoz-mi-az-es-szuksegem-van-ra\/#breadcrumb","itemListElement":[{"@type":"ListItem","position":1,"name":"Home","item":"https:\/\/www.homewizard.com\/hu\/"},{"@type":"ListItem","position":2,"name":"Terhel\u00e9seloszt\u00e1s t\u00f6lt\u0151\u00e1llom\u00e1shoz: mi az \u00e9s sz\u00fcks\u00e9gem van r\u00e1?"}]},{"@type":"WebSite","@id":"https:\/\/www.homewizard.com\/hu\/#website","url":"https:\/\/www.homewizard.com\/hu\/","name":"HomeWizard","description":"HomeWizard Energy","publisher":{"@id":"https:\/\/www.homewizard.com\/hu\/#organization"},"potentialAction":[{"@type":"SearchAction","target":{"@type":"EntryPoint","urlTemplate":"https:\/\/www.homewizard.com\/hu\/?s={search_term_string}"},"query-input":{"@type":"PropertyValueSpecification","valueRequired":true,"valueName":"search_term_string"}}],"inLanguage":"hu"},{"@type":"Organization","@id":"https:\/\/www.homewizard.com\/hu\/#organization","name":"HomeWizard","url":"https:\/\/www.homewizard.com\/hu\/","logo":{"@type":"ImageObject","inLanguage":"hu","@id":"https:\/\/www.homewizard.com\/hu\/#\/schema\/logo\/image\/","url":"https:\/\/www.homewizard.com\/wp-content\/uploads\/2023\/06\/HomeWizard-icon-on-black.png","contentUrl":"https:\/\/www.homewizard.com\/wp-content\/uploads\/2023\/06\/HomeWizard-icon-on-black.png","width":500,"height":500,"caption":"HomeWizard"},"image":{"@id":"https:\/\/www.homewizard.com\/hu\/#\/schema\/logo\/image\/"},"sameAs":["https:\/\/www.facebook.com\/HomeWizardBV\/","https:\/\/x.com\/HomeWizard_NL","https:\/\/www.youtube.com\/HomeWizardBV","https:\/\/www.instagram.com\/homewizardenergy\/"]},{"@type":"Person","@id":"https:\/\/www.homewizard.com\/hu\/#\/schema\/person\/6161a497368d8bf5804d3e39ca755971","name":"Tamara Huber","image":{"@type":"ImageObject","inLanguage":"hu","@id":"https:\/\/www.homewizard.com\/hu\/#\/schema\/person\/image\/","url":"https:\/\/secure.gravatar.com\/avatar\/6203913bf32f1d53a3b10325cc100592510e76f27d1e4dbb6fd9df7f37d1911d?s=96&r=g","contentUrl":"https:\/\/secure.gravatar.com\/avatar\/6203913bf32f1d53a3b10325cc100592510e76f27d1e4dbb6fd9df7f37d1911d?s=96&r=g","caption":"Tamara Huber"},"description":"Tamara Huber schrijft bij HomeWizard over slim energiegebruik. Met een scherpe pen en focus op impact vertaalt ze de wereld van energie naar toegankelijke verhalen, gebruikerservaringen en relevante nieuwsupdates. Zo laat ze zien hoe slim omgaan met energie eruitziet in het dagelijks leven.","url":"https:\/\/www.homewizard.com\/hu\/blog\/author\/thuber\/"},{"@type":"Question","@id":"https:\/\/www.homewizard.com\/hu\/blog\/terheleselosztas-toltoallomashoz-mi-az-es-szuksegem-van-ra\/#faq-question-1777540316854","position":1,"url":"https:\/\/www.homewizard.com\/hu\/blog\/terheleselosztas-toltoallomashoz-mi-az-es-szuksegem-van-ra\/#faq-question-1777540316854","name":"Mit csin\u00e1l pontosan a terhel\u00e9seloszt\u00e1s?","answerCount":1,"acceptedAnswer":{"@type":"Answer","text":"Biztos\u00edtja, hogy a t\u00f6lt\u0151\u00e1llom\u00e1s automatikusan kevesebb \u00e1ramot haszn\u00e1ljon, amikor m\u00e1s eszk\u00f6z\u00f6k a h\u00e1zban sok energi\u00e1t fogyasztanak. \u00cdgy elker\u00fclhet\u0151 a f\u0151csatlakoz\u00e1s t\u00falterhel\u00e9se.","inLanguage":"hu"},"inLanguage":"hu"},{"@type":"Question","@id":"https:\/\/www.homewizard.com\/hu\/blog\/terheleselosztas-toltoallomashoz-mi-az-es-szuksegem-van-ra\/#faq-question-1777540330218","position":2,"url":"https:\/\/www.homewizard.com\/hu\/blog\/terheleselosztas-toltoallomashoz-mi-az-es-szuksegem-van-ra\/#faq-question-1777540330218","name":"Sz\u00fcks\u00e9gem van terhel\u00e9seloszt\u00e1sra a t\u00f6lt\u0151\u00e1llom\u00e1somhoz?","answerCount":1,"acceptedAnswer":{"@type":"Answer","text":"Gyakran igen. Ha sok elektromos eszk\u00f6ze van vagy korl\u00e1tozott a csatlakoz\u00e1sa, a terhel\u00e9seloszt\u00e1s er\u0151sen aj\u00e1nlott.","inLanguage":"hu"},"inLanguage":"hu"},{"@type":"Question","@id":"https:\/\/www.homewizard.com\/hu\/blog\/terheleselosztas-toltoallomashoz-mi-az-es-szuksegem-van-ra\/#faq-question-1777540337371","position":3,"url":"https:\/\/www.homewizard.com\/hu\/blog\/terheleselosztas-toltoallomashoz-mi-az-es-szuksegem-van-ra\/#faq-question-1777540337371","name":"M\u0171k\u00f6dik a terhel\u00e9seloszt\u00e1s napelemekkel?","answerCount":1,"acceptedAnswer":{"@type":"Answer","text":"Igen, de k\u00f6zvetve. A terhel\u00e9seloszt\u00e1s a teljes fogyaszt\u00e1st figyeli: a napenergi\u00e1t \u00edgy felhaszn\u00e1lja. A val\u00f3di napelemes t\u00f6lt\u00e9shez \u00f6ko- vagy napenergia funkci\u00f3ra van sz\u00fcks\u00e9g a t\u00f6lt\u0151\u00e1llom\u00e1son.","inLanguage":"hu"},"inLanguage":"hu"},{"@type":"Question","@id":"https:\/\/www.homewizard.com\/hu\/blog\/terheleselosztas-toltoallomashoz-mi-az-es-szuksegem-van-ra\/#faq-question-1777540351602","position":4,"url":"https:\/\/www.homewizard.com\/hu\/blog\/terheleselosztas-toltoallomashoz-mi-az-es-szuksegem-van-ra\/#faq-question-1777540351602","name":"K\u00f6telez\u0151 a terhel\u00e9seloszt\u00e1s?","answerCount":1,"acceptedAnswer":{"@type":"Answer","text":"Nem, nem k\u00f6telez\u0151. De sok helyzetben ez a legbiztons\u00e1gosabb \u00e9s legink\u00e1bb j\u00f6v\u0151\u00e1ll\u00f3 v\u00e1laszt\u00e1s.","inLanguage":"hu"},"inLanguage":"hu"}]}},"_links":{"self":[{"href":"https:\/\/www.homewizard.com\/hu\/wp-json\/wp\/v2\/posts\/2156028","targetHints":{"allow":["GET"]}}],"collection":[{"href":"https:\/\/www.homewizard.com\/hu\/wp-json\/wp\/v2\/posts"}],"about":[{"href":"https:\/\/www.homewizard.com\/hu\/wp-json\/wp\/v2\/types\/post"}],"author":[{"embeddable":true,"href":"https:\/\/www.homewizard.com\/hu\/wp-json\/wp\/v2\/users\/779690"}],"replies":[{"embeddable":true,"href":"https:\/\/www.homewizard.com\/hu\/wp-json\/wp\/v2\/comments?post=2156028"}],"version-history":[{"count":2,"href":"https:\/\/www.homewizard.com\/hu\/wp-json\/wp\/v2\/posts\/2156028\/revisions"}],"predecessor-version":[{"id":2158261,"href":"https:\/\/www.homewizard.com\/hu\/wp-json\/wp\/v2\/posts\/2156028\/revisions\/2158261"}],"wp:featuredmedia":[{"embeddable":true,"href":"https:\/\/www.homewizard.com\/hu\/wp-json\/wp\/v2\/media\/2155966"}],"wp:attachment":[{"href":"https:\/\/www.homewizard.com\/hu\/wp-json\/wp\/v2\/media?parent=2156028"}],"wp:term":[{"taxonomy":"category","embeddable":true,"href":"https:\/\/www.homewizard.com\/hu\/wp-json\/wp\/v2\/categories?post=2156028"},{"taxonomy":"post_tag","embeddable":true,"href":"https:\/\/www.homewizard.com\/hu\/wp-json\/wp\/v2\/tags?post=2156028"}],"curies":[{"name":"wp","href":"https:\/\/api.w.org\/{rel}","templated":true}]}}