{"id":2098991,"date":"2026-03-31T10:09:51","date_gmt":"2026-03-31T08:09:51","guid":{"rendered":"https:\/\/www.homewizard.com\/?p=2098991"},"modified":"2026-03-31T10:09:54","modified_gmt":"2026-03-31T08:09:54","slug":"elektromos-auto-toltese-napelemekkel","status":"publish","type":"post","link":"https:\/\/www.homewizard.com\/hu\/blog\/elektromos-auto-toltese-napelemekkel\/","title":{"rendered":"Elektromos aut\u00f3 t\u00f6lt\u00e9se napelemekkel: Hozzon ki t\u00f6bbet a saj\u00e1t energi\u00e1j\u00e1b\u00f3l."},"content":{"rendered":"\n<p class=\" eplus-wrapper\">Elektromos aut\u00f3val j\u00e1r \u00e9s napelemei vannak? Akkor tulajdonk\u00e9ppen m\u00e1r van egy saj\u00e1t \u201et\u00f6lt\u0151\u00e1llom\u00e1sa\u201d otthon. Ennek ellen\u00e9re a napenergi\u00e1t m\u00e9gsem haszn\u00e1lj\u00e1k ki mindig optim\u00e1lisan. K\u00fcl\u00f6n\u00f6sen most, hogy a h\u00e1l\u00f3zati visszat\u00e1pl\u00e1l\u00e1sra vonatkoz\u00f3 szab\u00e1lyoz\u00e1sok egyre kev\u00e9sb\u00e9 kedvez\u0151ek, egyre fontosabb\u00e1 v\u00e1lik, hogy az energi\u00e1t k\u00f6zvetlen\u00fcl saj\u00e1t maga haszn\u00e1lja fel.<\/p>\n\n\n\n<p class=\" eplus-wrapper\">Ha lehet\u0151s\u00e9ge van otthon t\u00f6lteni, a napelemekkel val\u00f3 t\u00f6lt\u00e9s az egyik legokosabb d\u00f6nt\u00e9s, amit hozhat. De mikor haszn\u00e1lja val\u00f3j\u00e1ban a saj\u00e1t \u00e1ram\u00e1t? \u00c9s hogyan biztos\u00edthatja, hogy ne haszn\u00e1ljon tudt\u00e1n k\u00edv\u00fcl m\u00e9gis \u00e1ramot a h\u00e1l\u00f3zatr\u00f3l? Ebben a blogban l\u00e9p\u00e9sr\u0151l l\u00e9p\u00e9sre elmagyar\u00e1zzuk.<\/p>\n\n\n\n<h2 class=\" wp-block-heading eplus-wrapper\"><strong>Mikor t\u00f6lt\u00f6m val\u00f3j\u00e1ban az elektromos aut\u00f3mat napenergi\u00e1val?<\/strong><\/h2>\n\n\n\n<p class=\" eplus-wrapper\">Sokan azt gondolj\u00e1k: \u201eHa s\u00fct a nap, automatikusan napenergi\u00e1val t\u00f6lt\u00f6k\u201d. A gyakorlatban ez kicsit m\u00e1sk\u00e9pp m\u0171k\u00f6dik. A h\u00e1za ugyanis mindig el\u0151sz\u00f6r azt az \u00e1ramot haszn\u00e1lja fel, ami \u00e9ppen akkor termel\u0151dik. Ami megmarad, az a h\u00e1l\u00f3zatra ker\u00fcl, vagy az aut\u00f3j\u00e1ba, ha az \u00e9ppen t\u00f6lt.<\/p>\n\n\n\n<p class=\" eplus-wrapper\">Ez azt jelenti:<\/p>\n\n\n<ul class=\" wp-block-list eplus-wrapper eplus-styles-uid-4285f0\">\n<li class=\" eplus-wrapper\">T\u00f6bbet termel, mint amennyit fogyaszt? \u2192 Az aut\u00f3ja (r\u00e9szben) napenergi\u00e1val t\u00f6lt\u0151dik.<\/li>\n\n\n\n<li class=\" eplus-wrapper\">T\u00f6bbet fogyaszt, mint amennyit termel? \u2192 (R\u00e9szben) a h\u00e1l\u00f3zatr\u00f3l haszn\u00e1l \u00e1ramot.<\/li>\n<\/ul>\n\n\n<p class=\" eplus-wrapper\">Teh\u00e1t nem csak a naps\u00fct\u00e9sr\u0151l van sz\u00f3, hanem az adott pillanatban m\u00e9rt teljes fogyaszt\u00e1s\u00e1r\u00f3l.<\/p>\n\n\n\n<h2 class=\" wp-block-heading eplus-wrapper\"><strong>Sz\u00e1m\u00edt, hogy mikor t\u00f6lt\u00f6m az aut\u00f3mat?<\/strong><\/h2>\n\n\n\n<p class=\" eplus-wrapper\">Hogy pontosan mennyire, az a helyzet\u00e9t\u0151l f\u00fcgg. A nappali t\u00f6lt\u00e9s \u00e1ltal\u00e1ban a legkedvez\u0151bb, ha napelemei vannak, mivel akkor k\u00f6zvetlen\u00fcl a saj\u00e1t napenergi\u00e1j\u00e1t haszn\u00e1lja. Dinamikus \u00e1ramd\u00edjszab\u00e1sa van? Akkor az id\u0151z\u00edt\u00e9s m\u00e9g fontosabb. Az \u00e1ram \u00e1ra \u00f3r\u00e1nk\u00e9nt vagy negyed\u00f3r\u00e1nk\u00e9nt v\u00e1ltozik, \u00edgy az olcs\u00f3 id\u0151szakokban val\u00f3 t\u00f6lt\u00e9s jelent\u0151s megtakar\u00edt\u00e1st eredm\u00e9nyezhet.<\/p>\n\n\n\n<p class=\" eplus-wrapper\">A legfontosabb, hogy \u00d6n:<\/p>\n\n\n<ul class=\" wp-block-list eplus-wrapper eplus-styles-uid-d1bf7c\">\n<li class=\" eplus-wrapper\">Tiszt\u00e1ban legyen a termel\u00e9s\u00e9vel \u00e9s a fogyaszt\u00e1s\u00e1val.<\/li>\n\n\n\n<li class=\" eplus-wrapper\">Meg\u00e9rtse, mikor haszn\u00e1lja a saj\u00e1t \u00e1ram\u00e1t, \u00e9s mikor a h\u00e1l\u00f3zatr\u00f3l.<\/li>\n<\/ul>\n\n\n<p class=\" eplus-wrapper\">\u00cdgy elker\u00fclheti, hogy feleslegesen t\u00e1pl\u00e1ljon vissza a h\u00e1l\u00f3zatba, vagy dr\u00e1ga \u00e1ramot v\u00e9telezzen.<\/p>\n\n\n\n<h2 class=\" wp-block-heading eplus-wrapper\"><strong>Mi t\u00f6rt\u00e9nik, ha az aut\u00f3m sok \u00e1ramot ig\u00e9nyel?<\/strong><\/h2>\n\n\n\n<p class=\" eplus-wrapper\">Az elektromos aut\u00f3 az egyik legnagyobb fogyaszt\u00f3 a h\u00e1zban, vagy ink\u00e1bb a h\u00e1z \u201emellett\u201d. Amint csatlakoztatja, az energiafogyaszt\u00e1sa azonnal megv\u00e1ltozik. P\u00e9ld\u00e1ul egyidej\u0171leg m\u00e1s k\u00e9sz\u00fcl\u00e9keket is haszn\u00e1l? Akkor el\u0151fordulhat, hogy a napelemei nem termelnek eleget, \u00e9s \u00edgy m\u00e9gis (r\u00e9szben) a h\u00e1l\u00f3zatr\u00f3l haszn\u00e1l \u00e1ramot. Az ilyen cs\u00facsid\u0151szakok okos kezel\u00e9se seg\u00edt abban, hogy t\u00f6bbet haszn\u00e1ljon fel a saj\u00e1t energi\u00e1j\u00e1b\u00f3l. \u00cdgy f\u00fcggetlenebb\u00e9 v\u00e1lik az energiaszolg\u00e1ltat\u00f3j\u00e1t\u00f3l, fenntarthat\u00f3bb energi\u00e1t haszn\u00e1l, \u00e9s k\u00f6lts\u00e9geket takar\u00edt meg.<\/p>\n\n\n\n<h2 class=\" wp-block-heading eplus-wrapper\"><strong>Hogyan m\u0171k\u00f6dik ez egy\u00fctt a t\u00f6lt\u0151\u00e1llom\u00e1sommal?<\/strong><\/h2>\n\n\n\n<p class=\" eplus-wrapper\">Fontos tudni, hogy a HomeWizard nem k\u00f6zvetlen\u00fcl vez\u00e9rli a t\u00f6lt\u0151\u00e1llom\u00e1st. A HomeWizard betekint\u00e9st ny\u00fajt a teljes energiafogyaszt\u00e1sba, termel\u00e9sbe \u00e9s visszat\u00e1pl\u00e1l\u00e1sba, \u00e9s olyan adatokat szolg\u00e1ltat, amelyeket m\u00e1s rendszerek haszn\u00e1lhatnak. A t\u00f6lt\u00e9s intelligens vez\u00e9rl\u00e9se a t\u00f6lt\u0151\u00e1llom\u00e1son vagy az energiaszolg\u00e1ltat\u00f3n kereszt\u00fcl t\u00f6rt\u00e9nik. Ehhez egy fontos technika a\u00a0terhel\u00e9seloszt\u00e1s (load balancing), amely a t\u00f6lt\u00e9si sebess\u00e9g be\u00e1ll\u00edt\u00e1s\u00e1val seg\u00edt megel\u0151zni az elektromos h\u00e1l\u00f3zat t\u00falterhel\u00e9s\u00e9t.<\/p>\n\n\n\n<h2 class=\" wp-block-heading eplus-wrapper\"><strong>L\u00e1thatom a t\u00f6lt\u0151\u00e1llom\u00e1somat is a HomeWizard alkalmaz\u00e1sban?<\/strong><\/h2>\n\n\n\n<p class=\" eplus-wrapper\">A HomeWizard mindig betekint\u00e9st ny\u00fajt a teljes energiafogyaszt\u00e1s\u00e1ba, bele\u00e9rtve a t\u00f6lt\u0151\u00e1llom\u00e1s fogyaszt\u00e1s\u00e1t is. Hogy ez pontosan hogyan jelenik meg, az a telep\u00edt\u00e9st\u0151l f\u00fcgg. Ha a t\u00f6lt\u0151\u00e1llom\u00e1s egy\u00a0<a href=\"https:\/\/www.homewizard.com\/hu\/kwh-meter\/\" target=\"_blank\" rel=\"noreferrer noopener\">kWh Meter<\/a>\u00a0seg\u00edts\u00e9g\u00e9vel van csatlakoztatva, akkor azt k\u00fcl\u00f6n eszk\u00f6zk\u00e9nt l\u00e1thatja az alkalmaz\u00e1sban. V\u00e1lassza az \u201eelektromos aut\u00f3\u201d profilt, hogy aut\u00f3ja megjelenjen a\u00a0<a href=\"https:\/\/helpdesk.homewizard.com\/hu\/articles\/12943278-mit-latok-az-otthoni-attekintesben-es-hogyan-tudom-beallitani\" target=\"_blank\" rel=\"noreferrer noopener\">h\u00e1z \u00e1ttekint\u00e9s\u00e9ben<\/a>. A legt\u00f6bb m\u00e1s esetben a t\u00f6lt\u0151\u00e1llom\u00e1s fogyaszt\u00e1sa a h\u00e1z teljes energiafogyaszt\u00e1s\u00e1nak r\u00e9sz\u00e9t k\u00e9pezi. \u00cdgy mindig teljes \u00e1ttekint\u00e9se van arr\u00f3l, hov\u00e1 megy az energia.<\/p>\n\n\n\n<h2 class=\" wp-block-heading eplus-wrapper\"><strong>A teljes k\u00e9p: betekint\u00e9s a fogyaszt\u00e1s\u00e1ba a HomeWizard alkalmaz\u00e1ssal.<\/strong><\/h2>\n\n\n\n<p class=\" eplus-wrapper\">Hogyan l\u00e1tja a t\u00f6lt\u0151\u00e1llom\u00e1s fogyaszt\u00e1s\u00e1t, az a telep\u00edt\u00e9st\u0151l f\u00fcgg. Egy k\u00fcl\u00f6n kWh Meter seg\u00edts\u00e9g\u00e9vel a t\u00f6lt\u0151\u00e1llom\u00e1s k\u00fcl\u00f6n eszk\u00f6zk\u00e9nt jelenhet meg. M\u00e1s esetekben a fogyaszt\u00e1s a teljes \u00e1ramfogyaszt\u00e1s r\u00e9sz\u00e9v\u00e9 v\u00e1lik. De ahhoz, hogy val\u00f3ban a legt\u00f6bbet hozza ki a saj\u00e1t energi\u00e1j\u00e1b\u00f3l, \u00e9ppen ez a teljes k\u00e9p a l\u00e9nyeges.<\/p>\n\n\n\n<p class=\" eplus-wrapper\">A HomeWizard alkalmaz\u00e1s h\u00e1z \u00e1ttekint\u00e9se arra lett tervezve, hogy pontosan ezt a betekint\u00e9st ny\u00fajtsa. Egy pillant\u00e1ssal l\u00e1thatja az \u00e9l\u0151 fogyaszt\u00e1st, a napenergia-termel\u00e9st \u00e9s az esetleges visszat\u00e1pl\u00e1l\u00e1st. Ha hozz\u00e1adja elektromos aut\u00f3j\u00e1t, azonnal l\u00e1tja, mikor t\u00f6lt, \u00e9s milyen hat\u00e1ssal van ez a teljes fogyaszt\u00e1s\u00e1ra. M\u00e9g az aut\u00f3 modellj\u00e9t \u00e9s sz\u00edn\u00e9t is testre szabhatja, hogy az \u00e1ttekint\u00e9s t\u00f6k\u00e9letesen illeszkedjen az \u00d6n helyzet\u00e9hez.<\/p>\n\n\n\n<p class=\" eplus-wrapper\">A napelemek \u00e9s az elektromos aut\u00f3 kombin\u00e1ci\u00f3ja hatalmas lehet\u0151s\u00e9geket k\u00edn\u00e1l. K\u00fcl\u00f6n\u00f6sen most, hogy a visszat\u00e1pl\u00e1l\u00e1s kevesebbet \u00e9r, egyre fontosabb\u00e1 v\u00e1lik a saj\u00e1t energia okos kezel\u00e9se. Azzal, hogy betekint\u00e9st nyer a fogyaszt\u00e1s\u00e1ba, a megfelel\u0151 id\u0151pontokban t\u00f6lt, \u00e9s okosan haszn\u00e1lja az energi\u00e1t, a legt\u00f6bbet hozza ki a saj\u00e1t energi\u00e1j\u00e1b\u00f3l.<\/p>\n\n\n\n<h2 class=\" wp-block-heading eplus-wrapper\"><strong>Gyakran ism\u00e9telt k\u00e9rd\u00e9sek.<\/strong><\/h2>\n\n\n\n<div class=\"schema-faq wp-block-yoast-faq-block\"><div class=\"schema-faq-section\" id=\"faq-question-1774944461157\"><strong class=\"schema-faq-question\"><strong>Mindig napenergi\u00e1val t\u00f6lt\u00f6m az elektromos aut\u00f3mat, amikor s\u00fct a nap?<\/strong><\/strong> <p class=\"schema-faq-answer\">Nem, ez csak a megfelel\u0151 be\u00e1ll\u00edt\u00e1sokkal t\u00f6rt\u00e9nik meg. Ehhez napenergia-t\u00f6bbletre \u00e9s egy intelligens t\u00f6lt\u0151\u00e1llom\u00e1sra van sz\u00fcks\u00e9g, amely el tudja ind\u00edtani a t\u00f6lt\u00e9st.<\/p> <\/div> <div class=\"schema-faq-section\" id=\"faq-question-1774944469707\"><strong class=\"schema-faq-question\"><strong>Mikor a legjobb t\u00f6lteni az elektromos aut\u00f3mat?<\/strong><\/strong> <p class=\"schema-faq-answer\">Nappal, amikor s\u00fct a nap. Napelemekkel akkor a saj\u00e1t \u00e1ram\u00e1t haszn\u00e1lja. Napelemek n\u00e9lk\u00fcl, de dinamikus szerz\u0151d\u00e9ssel, szint\u00e9n ez a legolcs\u00f3bb id\u0151pont.<\/p> <\/div> <\/div>\n\n\n<div class=\"wp-block-post-author\"><div class=\"wp-block-post-author__avatar\"><img alt='' src='https:\/\/secure.gravatar.com\/avatar\/6203913bf32f1d53a3b10325cc100592510e76f27d1e4dbb6fd9df7f37d1911d?s=48&#038;r=g' srcset='https:\/\/secure.gravatar.com\/avatar\/6203913bf32f1d53a3b10325cc100592510e76f27d1e4dbb6fd9df7f37d1911d?s=96&#038;r=g 2x' class='avatar avatar-48 photo' height='48' width='48' \/><\/div><div class=\"wp-block-post-author__content\"><p class=\"wp-block-post-author__name\">Tamara Huber<\/p><\/div><\/div>","protected":false},"excerpt":{"rendered":"<p>Elektromos aut\u00f3val j\u00e1r \u00e9s napelemei vannak? Akkor tulajdonk\u00e9ppen m\u00e1r van egy saj\u00e1t \u201et\u00f6lt\u0151\u00e1llom\u00e1sa\u201d otthon. Ennek ellen\u00e9re a napenergi\u00e1t m\u00e9gsem haszn\u00e1lj\u00e1k ki mindig optim\u00e1lisan. K\u00fcl\u00f6n\u00f6sen most, hogy a h\u00e1l\u00f3zati visszat\u00e1pl\u00e1l\u00e1sra vonatkoz\u00f3 szab\u00e1lyoz\u00e1sok egyre kev\u00e9sb\u00e9 kedvez\u0151ek, egyre fontosabb\u00e1 v\u00e1lik, hogy az energi\u00e1t k\u00f6zvetlen\u00fcl saj\u00e1t maga haszn\u00e1lja fel. Ha lehet\u0151s\u00e9ge van otthon t\u00f6lteni, a napelemekkel val\u00f3 t\u00f6lt\u00e9s az&hellip;<\/p>\n","protected":false},"author":779690,"featured_media":2098880,"comment_status":"closed","ping_status":"closed","sticky":false,"template":"","format":"standard","meta":{"_acf_changed":false,"editor_plus_copied_stylings":"{}","footnotes":""},"categories":[346],"tags":[],"class_list":["post-2098991","post","type-post","status-publish","format-standard","has-post-thumbnail","hentry","category-magyarazat"],"acf":[],"yoast_head":"<!-- This site is optimized with the Yoast SEO plugin v27.0 - https:\/\/yoast.com\/product\/yoast-seo-wordpress\/ -->\n<title>Elektromos aut\u00f3 t\u00f6lt\u00e9se napelemekkel: Hozzon ki t\u00f6bbet a saj\u00e1t energi\u00e1j\u00e1b\u00f3l - HomeWizard<\/title>\n<meta name=\"description\" content=\"T\u00f6ltse elektromos aut\u00f3j\u00e1t napelemekkel \u00e9s takar\u00edtson meg k\u00f6lts\u00e9geket. Fedezze fel, hogyan haszn\u00e1lhatja optim\u00e1lisan a saj\u00e1t napenergi\u00e1j\u00e1t.\" \/>\n<meta name=\"robots\" content=\"index, follow, max-snippet:-1, max-image-preview:large, max-video-preview:-1\" \/>\n<link rel=\"canonical\" href=\"https:\/\/www.homewizard.com\/hu\/blog\/elektromos-auto-toltese-napelemekkel\/\" \/>\n<meta property=\"og:locale\" content=\"hu_HU\" \/>\n<meta property=\"og:type\" content=\"article\" \/>\n<meta property=\"og:title\" content=\"Elektromos aut\u00f3 t\u00f6lt\u00e9se napelemekkel: Hozzon ki t\u00f6bbet a saj\u00e1t energi\u00e1j\u00e1b\u00f3l - HomeWizard\" \/>\n<meta property=\"og:description\" content=\"T\u00f6ltse elektromos aut\u00f3j\u00e1t napelemekkel \u00e9s takar\u00edtson meg k\u00f6lts\u00e9geket. Fedezze fel, hogyan haszn\u00e1lhatja optim\u00e1lisan a saj\u00e1t napenergi\u00e1j\u00e1t.\" \/>\n<meta property=\"og:url\" content=\"https:\/\/www.homewizard.com\/hu\/blog\/elektromos-auto-toltese-napelemekkel\/\" \/>\n<meta property=\"og:site_name\" content=\"HomeWizard\" \/>\n<meta property=\"article:publisher\" content=\"https:\/\/www.facebook.com\/HomeWizardBV\/\" \/>\n<meta property=\"article:published_time\" content=\"2026-03-31T08:09:51+00:00\" \/>\n<meta property=\"article:modified_time\" content=\"2026-03-31T08:09:54+00:00\" \/>\n<meta property=\"og:image\" content=\"https:\/\/www.homewizard.com\/wp-content\/uploads\/2024\/12\/Elektrische-auto-laden-met-zonnepanelen.webp\" \/>\n\t<meta property=\"og:image:width\" content=\"2220\" \/>\n\t<meta property=\"og:image:height\" content=\"1440\" \/>\n\t<meta property=\"og:image:type\" content=\"image\/webp\" \/>\n<meta name=\"author\" content=\"Tamara Huber\" \/>\n<meta name=\"twitter:card\" content=\"summary_large_image\" \/>\n<meta name=\"twitter:creator\" content=\"@HomeWizard_NL\" \/>\n<meta name=\"twitter:site\" content=\"@HomeWizard_NL\" \/>\n<meta name=\"twitter:label1\" content=\"Szerz\u0151:\" \/>\n\t<meta name=\"twitter:data1\" content=\"Tamara Huber\" \/>\n\t<meta name=\"twitter:label2\" content=\"Becs\u00fclt olvas\u00e1si id\u0151\" \/>\n\t<meta name=\"twitter:data2\" content=\"4 perc\" \/>\n<script type=\"application\/ld+json\" class=\"yoast-schema-graph\">{\"@context\":\"https:\/\/schema.org\",\"@graph\":[{\"@type\":[\"Article\",\"BlogPosting\"],\"@id\":\"https:\/\/www.homewizard.com\/hu\/blog\/elektromos-auto-toltese-napelemekkel\/#article\",\"isPartOf\":{\"@id\":\"https:\/\/www.homewizard.com\/hu\/blog\/elektromos-auto-toltese-napelemekkel\/\"},\"author\":{\"name\":\"Tamara Huber\",\"@id\":\"https:\/\/www.homewizard.com\/hu\/#\/schema\/person\/6161a497368d8bf5804d3e39ca755971\"},\"headline\":\"Elektromos aut\u00f3 t\u00f6lt\u00e9se napelemekkel: Hozzon ki t\u00f6bbet a saj\u00e1t energi\u00e1j\u00e1b\u00f3l.\",\"datePublished\":\"2026-03-31T08:09:51+00:00\",\"dateModified\":\"2026-03-31T08:09:54+00:00\",\"mainEntityOfPage\":{\"@id\":\"https:\/\/www.homewizard.com\/hu\/blog\/elektromos-auto-toltese-napelemekkel\/\"},\"wordCount\":1158,\"publisher\":{\"@id\":\"https:\/\/www.homewizard.com\/hu\/#organization\"},\"image\":{\"@id\":\"https:\/\/www.homewizard.com\/hu\/blog\/elektromos-auto-toltese-napelemekkel\/#primaryimage\"},\"thumbnailUrl\":\"https:\/\/www.homewizard.com\/wp-content\/uploads\/2024\/12\/Elektrische-auto-laden-met-zonnepanelen.webp\",\"articleSection\":[\"Magyar\u00e1zat\"],\"inLanguage\":\"hu\"},{\"@type\":[\"WebPage\",\"FAQPage\"],\"@id\":\"https:\/\/www.homewizard.com\/hu\/blog\/elektromos-auto-toltese-napelemekkel\/\",\"url\":\"https:\/\/www.homewizard.com\/hu\/blog\/elektromos-auto-toltese-napelemekkel\/\",\"name\":\"Elektromos aut\u00f3 t\u00f6lt\u00e9se napelemekkel: Hozzon ki t\u00f6bbet a saj\u00e1t energi\u00e1j\u00e1b\u00f3l - HomeWizard\",\"isPartOf\":{\"@id\":\"https:\/\/www.homewizard.com\/hu\/#website\"},\"primaryImageOfPage\":{\"@id\":\"https:\/\/www.homewizard.com\/hu\/blog\/elektromos-auto-toltese-napelemekkel\/#primaryimage\"},\"image\":{\"@id\":\"https:\/\/www.homewizard.com\/hu\/blog\/elektromos-auto-toltese-napelemekkel\/#primaryimage\"},\"thumbnailUrl\":\"https:\/\/www.homewizard.com\/wp-content\/uploads\/2024\/12\/Elektrische-auto-laden-met-zonnepanelen.webp\",\"datePublished\":\"2026-03-31T08:09:51+00:00\",\"dateModified\":\"2026-03-31T08:09:54+00:00\",\"description\":\"T\u00f6ltse elektromos aut\u00f3j\u00e1t napelemekkel \u00e9s takar\u00edtson meg k\u00f6lts\u00e9geket. Fedezze fel, hogyan haszn\u00e1lhatja optim\u00e1lisan a saj\u00e1t napenergi\u00e1j\u00e1t.\",\"breadcrumb\":{\"@id\":\"https:\/\/www.homewizard.com\/hu\/blog\/elektromos-auto-toltese-napelemekkel\/#breadcrumb\"},\"mainEntity\":[{\"@id\":\"https:\/\/www.homewizard.com\/hu\/blog\/elektromos-auto-toltese-napelemekkel\/#faq-question-1774944461157\"},{\"@id\":\"https:\/\/www.homewizard.com\/hu\/blog\/elektromos-auto-toltese-napelemekkel\/#faq-question-1774944469707\"}],\"inLanguage\":\"hu\",\"potentialAction\":[{\"@type\":\"ReadAction\",\"target\":[\"https:\/\/www.homewizard.com\/hu\/blog\/elektromos-auto-toltese-napelemekkel\/\"]}]},{\"@type\":\"ImageObject\",\"inLanguage\":\"hu\",\"@id\":\"https:\/\/www.homewizard.com\/hu\/blog\/elektromos-auto-toltese-napelemekkel\/#primaryimage\",\"url\":\"https:\/\/www.homewizard.com\/wp-content\/uploads\/2024\/12\/Elektrische-auto-laden-met-zonnepanelen.webp\",\"contentUrl\":\"https:\/\/www.homewizard.com\/wp-content\/uploads\/2024\/12\/Elektrische-auto-laden-met-zonnepanelen.webp\",\"width\":2220,\"height\":1440},{\"@type\":\"BreadcrumbList\",\"@id\":\"https:\/\/www.homewizard.com\/hu\/blog\/elektromos-auto-toltese-napelemekkel\/#breadcrumb\",\"itemListElement\":[{\"@type\":\"ListItem\",\"position\":1,\"name\":\"Home\",\"item\":\"https:\/\/www.homewizard.com\/hu\/\"},{\"@type\":\"ListItem\",\"position\":2,\"name\":\"Elektromos aut\u00f3 t\u00f6lt\u00e9se napelemekkel: Hozzon ki t\u00f6bbet a saj\u00e1t energi\u00e1j\u00e1b\u00f3l.\"}]},{\"@type\":\"WebSite\",\"@id\":\"https:\/\/www.homewizard.com\/hu\/#website\",\"url\":\"https:\/\/www.homewizard.com\/hu\/\",\"name\":\"HomeWizard\",\"description\":\"HomeWizard Energy\",\"publisher\":{\"@id\":\"https:\/\/www.homewizard.com\/hu\/#organization\"},\"potentialAction\":[{\"@type\":\"SearchAction\",\"target\":{\"@type\":\"EntryPoint\",\"urlTemplate\":\"https:\/\/www.homewizard.com\/hu\/?s={search_term_string}\"},\"query-input\":{\"@type\":\"PropertyValueSpecification\",\"valueRequired\":true,\"valueName\":\"search_term_string\"}}],\"inLanguage\":\"hu\"},{\"@type\":\"Organization\",\"@id\":\"https:\/\/www.homewizard.com\/hu\/#organization\",\"name\":\"HomeWizard\",\"url\":\"https:\/\/www.homewizard.com\/hu\/\",\"logo\":{\"@type\":\"ImageObject\",\"inLanguage\":\"hu\",\"@id\":\"https:\/\/www.homewizard.com\/hu\/#\/schema\/logo\/image\/\",\"url\":\"https:\/\/www.homewizard.com\/wp-content\/uploads\/2023\/06\/HomeWizard-icon-on-black.png\",\"contentUrl\":\"https:\/\/www.homewizard.com\/wp-content\/uploads\/2023\/06\/HomeWizard-icon-on-black.png\",\"width\":500,\"height\":500,\"caption\":\"HomeWizard\"},\"image\":{\"@id\":\"https:\/\/www.homewizard.com\/hu\/#\/schema\/logo\/image\/\"},\"sameAs\":[\"https:\/\/www.facebook.com\/HomeWizardBV\/\",\"https:\/\/x.com\/HomeWizard_NL\",\"https:\/\/www.youtube.com\/HomeWizardBV\",\"https:\/\/www.instagram.com\/homewizardenergy\/\"]},{\"@type\":\"Person\",\"@id\":\"https:\/\/www.homewizard.com\/hu\/#\/schema\/person\/6161a497368d8bf5804d3e39ca755971\",\"name\":\"Tamara Huber\",\"image\":{\"@type\":\"ImageObject\",\"inLanguage\":\"hu\",\"@id\":\"https:\/\/www.homewizard.com\/hu\/#\/schema\/person\/image\/\",\"url\":\"https:\/\/secure.gravatar.com\/avatar\/6203913bf32f1d53a3b10325cc100592510e76f27d1e4dbb6fd9df7f37d1911d?s=96&r=g\",\"contentUrl\":\"https:\/\/secure.gravatar.com\/avatar\/6203913bf32f1d53a3b10325cc100592510e76f27d1e4dbb6fd9df7f37d1911d?s=96&r=g\",\"caption\":\"Tamara Huber\"},\"description\":\"Tamara Huber schrijft bij HomeWizard over slim energiegebruik. Met een scherpe pen en focus op impact vertaalt ze de wereld van energie naar toegankelijke verhalen, gebruikerservaringen en relevante nieuwsupdates. Zo laat ze zien hoe slim omgaan met energie eruitziet in het dagelijks leven.\",\"url\":\"https:\/\/www.homewizard.com\/hu\/blog\/author\/thuber\/\"},{\"@type\":\"Question\",\"@id\":\"https:\/\/www.homewizard.com\/hu\/blog\/elektromos-auto-toltese-napelemekkel\/#faq-question-1774944461157\",\"position\":1,\"url\":\"https:\/\/www.homewizard.com\/hu\/blog\/elektromos-auto-toltese-napelemekkel\/#faq-question-1774944461157\",\"name\":\"Mindig napenergi\u00e1val t\u00f6lt\u00f6m az elektromos aut\u00f3mat, amikor s\u00fct a nap?\",\"answerCount\":1,\"acceptedAnswer\":{\"@type\":\"Answer\",\"text\":\"Nem, ez csak a megfelel\u0151 be\u00e1ll\u00edt\u00e1sokkal t\u00f6rt\u00e9nik meg. Ehhez napenergia-t\u00f6bbletre \u00e9s egy intelligens t\u00f6lt\u0151\u00e1llom\u00e1sra van sz\u00fcks\u00e9g, amely el tudja ind\u00edtani a t\u00f6lt\u00e9st.\",\"inLanguage\":\"hu\"},\"inLanguage\":\"hu\"},{\"@type\":\"Question\",\"@id\":\"https:\/\/www.homewizard.com\/hu\/blog\/elektromos-auto-toltese-napelemekkel\/#faq-question-1774944469707\",\"position\":2,\"url\":\"https:\/\/www.homewizard.com\/hu\/blog\/elektromos-auto-toltese-napelemekkel\/#faq-question-1774944469707\",\"name\":\"Mikor a legjobb t\u00f6lteni az elektromos aut\u00f3mat?\",\"answerCount\":1,\"acceptedAnswer\":{\"@type\":\"Answer\",\"text\":\"Nappal, amikor s\u00fct a nap. Napelemekkel akkor a saj\u00e1t \u00e1ram\u00e1t haszn\u00e1lja. Napelemek n\u00e9lk\u00fcl, de dinamikus szerz\u0151d\u00e9ssel, szint\u00e9n ez a legolcs\u00f3bb id\u0151pont.\",\"inLanguage\":\"hu\"},\"inLanguage\":\"hu\"}]}<\/script>\n<!-- \/ Yoast SEO plugin. -->","yoast_head_json":{"title":"Elektromos aut\u00f3 t\u00f6lt\u00e9se napelemekkel: Hozzon ki t\u00f6bbet a saj\u00e1t energi\u00e1j\u00e1b\u00f3l - HomeWizard","description":"T\u00f6ltse elektromos aut\u00f3j\u00e1t napelemekkel \u00e9s takar\u00edtson meg k\u00f6lts\u00e9geket. Fedezze fel, hogyan haszn\u00e1lhatja optim\u00e1lisan a saj\u00e1t napenergi\u00e1j\u00e1t.","robots":{"index":"index","follow":"follow","max-snippet":"max-snippet:-1","max-image-preview":"max-image-preview:large","max-video-preview":"max-video-preview:-1"},"canonical":"https:\/\/www.homewizard.com\/hu\/blog\/elektromos-auto-toltese-napelemekkel\/","og_locale":"hu_HU","og_type":"article","og_title":"Elektromos aut\u00f3 t\u00f6lt\u00e9se napelemekkel: Hozzon ki t\u00f6bbet a saj\u00e1t energi\u00e1j\u00e1b\u00f3l - HomeWizard","og_description":"T\u00f6ltse elektromos aut\u00f3j\u00e1t napelemekkel \u00e9s takar\u00edtson meg k\u00f6lts\u00e9geket. Fedezze fel, hogyan haszn\u00e1lhatja optim\u00e1lisan a saj\u00e1t napenergi\u00e1j\u00e1t.","og_url":"https:\/\/www.homewizard.com\/hu\/blog\/elektromos-auto-toltese-napelemekkel\/","og_site_name":"HomeWizard","article_publisher":"https:\/\/www.facebook.com\/HomeWizardBV\/","article_published_time":"2026-03-31T08:09:51+00:00","article_modified_time":"2026-03-31T08:09:54+00:00","og_image":[{"width":2220,"height":1440,"url":"https:\/\/www.homewizard.com\/wp-content\/uploads\/2024\/12\/Elektrische-auto-laden-met-zonnepanelen.webp","type":"image\/webp"}],"author":"Tamara Huber","twitter_card":"summary_large_image","twitter_creator":"@HomeWizard_NL","twitter_site":"@HomeWizard_NL","twitter_misc":{"Szerz\u0151:":"Tamara Huber","Becs\u00fclt olvas\u00e1si id\u0151":"4 perc"},"schema":{"@context":"https:\/\/schema.org","@graph":[{"@type":["Article","BlogPosting"],"@id":"https:\/\/www.homewizard.com\/hu\/blog\/elektromos-auto-toltese-napelemekkel\/#article","isPartOf":{"@id":"https:\/\/www.homewizard.com\/hu\/blog\/elektromos-auto-toltese-napelemekkel\/"},"author":{"name":"Tamara Huber","@id":"https:\/\/www.homewizard.com\/hu\/#\/schema\/person\/6161a497368d8bf5804d3e39ca755971"},"headline":"Elektromos aut\u00f3 t\u00f6lt\u00e9se napelemekkel: Hozzon ki t\u00f6bbet a saj\u00e1t energi\u00e1j\u00e1b\u00f3l.","datePublished":"2026-03-31T08:09:51+00:00","dateModified":"2026-03-31T08:09:54+00:00","mainEntityOfPage":{"@id":"https:\/\/www.homewizard.com\/hu\/blog\/elektromos-auto-toltese-napelemekkel\/"},"wordCount":1158,"publisher":{"@id":"https:\/\/www.homewizard.com\/hu\/#organization"},"image":{"@id":"https:\/\/www.homewizard.com\/hu\/blog\/elektromos-auto-toltese-napelemekkel\/#primaryimage"},"thumbnailUrl":"https:\/\/www.homewizard.com\/wp-content\/uploads\/2024\/12\/Elektrische-auto-laden-met-zonnepanelen.webp","articleSection":["Magyar\u00e1zat"],"inLanguage":"hu"},{"@type":["WebPage","FAQPage"],"@id":"https:\/\/www.homewizard.com\/hu\/blog\/elektromos-auto-toltese-napelemekkel\/","url":"https:\/\/www.homewizard.com\/hu\/blog\/elektromos-auto-toltese-napelemekkel\/","name":"Elektromos aut\u00f3 t\u00f6lt\u00e9se napelemekkel: Hozzon ki t\u00f6bbet a saj\u00e1t energi\u00e1j\u00e1b\u00f3l - HomeWizard","isPartOf":{"@id":"https:\/\/www.homewizard.com\/hu\/#website"},"primaryImageOfPage":{"@id":"https:\/\/www.homewizard.com\/hu\/blog\/elektromos-auto-toltese-napelemekkel\/#primaryimage"},"image":{"@id":"https:\/\/www.homewizard.com\/hu\/blog\/elektromos-auto-toltese-napelemekkel\/#primaryimage"},"thumbnailUrl":"https:\/\/www.homewizard.com\/wp-content\/uploads\/2024\/12\/Elektrische-auto-laden-met-zonnepanelen.webp","datePublished":"2026-03-31T08:09:51+00:00","dateModified":"2026-03-31T08:09:54+00:00","description":"T\u00f6ltse elektromos aut\u00f3j\u00e1t napelemekkel \u00e9s takar\u00edtson meg k\u00f6lts\u00e9geket. Fedezze fel, hogyan haszn\u00e1lhatja optim\u00e1lisan a saj\u00e1t napenergi\u00e1j\u00e1t.","breadcrumb":{"@id":"https:\/\/www.homewizard.com\/hu\/blog\/elektromos-auto-toltese-napelemekkel\/#breadcrumb"},"mainEntity":[{"@id":"https:\/\/www.homewizard.com\/hu\/blog\/elektromos-auto-toltese-napelemekkel\/#faq-question-1774944461157"},{"@id":"https:\/\/www.homewizard.com\/hu\/blog\/elektromos-auto-toltese-napelemekkel\/#faq-question-1774944469707"}],"inLanguage":"hu","potentialAction":[{"@type":"ReadAction","target":["https:\/\/www.homewizard.com\/hu\/blog\/elektromos-auto-toltese-napelemekkel\/"]}]},{"@type":"ImageObject","inLanguage":"hu","@id":"https:\/\/www.homewizard.com\/hu\/blog\/elektromos-auto-toltese-napelemekkel\/#primaryimage","url":"https:\/\/www.homewizard.com\/wp-content\/uploads\/2024\/12\/Elektrische-auto-laden-met-zonnepanelen.webp","contentUrl":"https:\/\/www.homewizard.com\/wp-content\/uploads\/2024\/12\/Elektrische-auto-laden-met-zonnepanelen.webp","width":2220,"height":1440},{"@type":"BreadcrumbList","@id":"https:\/\/www.homewizard.com\/hu\/blog\/elektromos-auto-toltese-napelemekkel\/#breadcrumb","itemListElement":[{"@type":"ListItem","position":1,"name":"Home","item":"https:\/\/www.homewizard.com\/hu\/"},{"@type":"ListItem","position":2,"name":"Elektromos aut\u00f3 t\u00f6lt\u00e9se napelemekkel: Hozzon ki t\u00f6bbet a saj\u00e1t energi\u00e1j\u00e1b\u00f3l."}]},{"@type":"WebSite","@id":"https:\/\/www.homewizard.com\/hu\/#website","url":"https:\/\/www.homewizard.com\/hu\/","name":"HomeWizard","description":"HomeWizard Energy","publisher":{"@id":"https:\/\/www.homewizard.com\/hu\/#organization"},"potentialAction":[{"@type":"SearchAction","target":{"@type":"EntryPoint","urlTemplate":"https:\/\/www.homewizard.com\/hu\/?s={search_term_string}"},"query-input":{"@type":"PropertyValueSpecification","valueRequired":true,"valueName":"search_term_string"}}],"inLanguage":"hu"},{"@type":"Organization","@id":"https:\/\/www.homewizard.com\/hu\/#organization","name":"HomeWizard","url":"https:\/\/www.homewizard.com\/hu\/","logo":{"@type":"ImageObject","inLanguage":"hu","@id":"https:\/\/www.homewizard.com\/hu\/#\/schema\/logo\/image\/","url":"https:\/\/www.homewizard.com\/wp-content\/uploads\/2023\/06\/HomeWizard-icon-on-black.png","contentUrl":"https:\/\/www.homewizard.com\/wp-content\/uploads\/2023\/06\/HomeWizard-icon-on-black.png","width":500,"height":500,"caption":"HomeWizard"},"image":{"@id":"https:\/\/www.homewizard.com\/hu\/#\/schema\/logo\/image\/"},"sameAs":["https:\/\/www.facebook.com\/HomeWizardBV\/","https:\/\/x.com\/HomeWizard_NL","https:\/\/www.youtube.com\/HomeWizardBV","https:\/\/www.instagram.com\/homewizardenergy\/"]},{"@type":"Person","@id":"https:\/\/www.homewizard.com\/hu\/#\/schema\/person\/6161a497368d8bf5804d3e39ca755971","name":"Tamara Huber","image":{"@type":"ImageObject","inLanguage":"hu","@id":"https:\/\/www.homewizard.com\/hu\/#\/schema\/person\/image\/","url":"https:\/\/secure.gravatar.com\/avatar\/6203913bf32f1d53a3b10325cc100592510e76f27d1e4dbb6fd9df7f37d1911d?s=96&r=g","contentUrl":"https:\/\/secure.gravatar.com\/avatar\/6203913bf32f1d53a3b10325cc100592510e76f27d1e4dbb6fd9df7f37d1911d?s=96&r=g","caption":"Tamara Huber"},"description":"Tamara Huber schrijft bij HomeWizard over slim energiegebruik. Met een scherpe pen en focus op impact vertaalt ze de wereld van energie naar toegankelijke verhalen, gebruikerservaringen en relevante nieuwsupdates. Zo laat ze zien hoe slim omgaan met energie eruitziet in het dagelijks leven.","url":"https:\/\/www.homewizard.com\/hu\/blog\/author\/thuber\/"},{"@type":"Question","@id":"https:\/\/www.homewizard.com\/hu\/blog\/elektromos-auto-toltese-napelemekkel\/#faq-question-1774944461157","position":1,"url":"https:\/\/www.homewizard.com\/hu\/blog\/elektromos-auto-toltese-napelemekkel\/#faq-question-1774944461157","name":"Mindig napenergi\u00e1val t\u00f6lt\u00f6m az elektromos aut\u00f3mat, amikor s\u00fct a nap?","answerCount":1,"acceptedAnswer":{"@type":"Answer","text":"Nem, ez csak a megfelel\u0151 be\u00e1ll\u00edt\u00e1sokkal t\u00f6rt\u00e9nik meg. Ehhez napenergia-t\u00f6bbletre \u00e9s egy intelligens t\u00f6lt\u0151\u00e1llom\u00e1sra van sz\u00fcks\u00e9g, amely el tudja ind\u00edtani a t\u00f6lt\u00e9st.","inLanguage":"hu"},"inLanguage":"hu"},{"@type":"Question","@id":"https:\/\/www.homewizard.com\/hu\/blog\/elektromos-auto-toltese-napelemekkel\/#faq-question-1774944469707","position":2,"url":"https:\/\/www.homewizard.com\/hu\/blog\/elektromos-auto-toltese-napelemekkel\/#faq-question-1774944469707","name":"Mikor a legjobb t\u00f6lteni az elektromos aut\u00f3mat?","answerCount":1,"acceptedAnswer":{"@type":"Answer","text":"Nappal, amikor s\u00fct a nap. Napelemekkel akkor a saj\u00e1t \u00e1ram\u00e1t haszn\u00e1lja. Napelemek n\u00e9lk\u00fcl, de dinamikus szerz\u0151d\u00e9ssel, szint\u00e9n ez a legolcs\u00f3bb id\u0151pont.","inLanguage":"hu"},"inLanguage":"hu"}]}},"_links":{"self":[{"href":"https:\/\/www.homewizard.com\/hu\/wp-json\/wp\/v2\/posts\/2098991","targetHints":{"allow":["GET"]}}],"collection":[{"href":"https:\/\/www.homewizard.com\/hu\/wp-json\/wp\/v2\/posts"}],"about":[{"href":"https:\/\/www.homewizard.com\/hu\/wp-json\/wp\/v2\/types\/post"}],"author":[{"embeddable":true,"href":"https:\/\/www.homewizard.com\/hu\/wp-json\/wp\/v2\/users\/779690"}],"replies":[{"embeddable":true,"href":"https:\/\/www.homewizard.com\/hu\/wp-json\/wp\/v2\/comments?post=2098991"}],"version-history":[{"count":1,"href":"https:\/\/www.homewizard.com\/hu\/wp-json\/wp\/v2\/posts\/2098991\/revisions"}],"predecessor-version":[{"id":2099007,"href":"https:\/\/www.homewizard.com\/hu\/wp-json\/wp\/v2\/posts\/2098991\/revisions\/2099007"}],"wp:featuredmedia":[{"embeddable":true,"href":"https:\/\/www.homewizard.com\/hu\/wp-json\/wp\/v2\/media\/2098880"}],"wp:attachment":[{"href":"https:\/\/www.homewizard.com\/hu\/wp-json\/wp\/v2\/media?parent=2098991"}],"wp:term":[{"taxonomy":"category","embeddable":true,"href":"https:\/\/www.homewizard.com\/hu\/wp-json\/wp\/v2\/categories?post=2098991"},{"taxonomy":"post_tag","embeddable":true,"href":"https:\/\/www.homewizard.com\/hu\/wp-json\/wp\/v2\/tags?post=2098991"}],"curies":[{"name":"wp","href":"https:\/\/api.w.org\/{rel}","templated":true}]}}