{"id":2055930,"date":"2026-03-10T12:38:55","date_gmt":"2026-03-10T11:38:55","guid":{"rendered":"https:\/\/www.homewizard.com\/?p=2055930"},"modified":"2026-03-10T12:38:57","modified_gmt":"2026-03-10T11:38:57","slug":"betekintes-az-onellatottsagba-napelem","status":"publish","type":"post","link":"https:\/\/www.homewizard.com\/hu\/blog\/betekintes-az-onellatottsagba-napelem\/","title":{"rendered":"Betekint\u00e9s az \u00f6nell\u00e1totts\u00e1gba: mi az, \u00e9s mi\u00e9rt fontos?"},"content":{"rendered":"\n<p class=\" eplus-wrapper\">Ha vannak napelemek a tet\u0151n, term\u00e9szetesen a lehet\u0151 legnagyobb m\u00e9rt\u00e9kben szeretn\u00e9 kihaszn\u00e1lni a termelt napenergi\u00e1t. V\u00e9g\u00fcl is k\u00e1r lenne nem teljes m\u00e9rt\u00e9kben kihaszn\u00e1lni saj\u00e1t fenntarthat\u00f3 napenergi\u00e1j\u00e1t. \u00d6sszekapcsolta m\u00e1r napelemeit a meg\u00fajult HomeWizard alkalmaz\u00e1ssal? Akkor egy pillant\u00e1ssal l\u00e1thatja, hogy a termelt napenergi\u00e1b\u00f3l mennyit fogyasztott el saj\u00e1t maga. Kor\u00e1bban ezt \u201enapfogyaszt\u00e1snak\u201d nevezt\u00fck, de a j\u00f6v\u0151ben az&nbsp;<strong>\u00f6nell\u00e1t\u00f3<\/strong>&nbsp;kifejez\u00e9st haszn\u00e1ljuk.<\/p>\n\n\n\n<p class=\" eplus-wrapper\">Ebben a blogban pontosan elmagyar\u00e1zzuk, mit \u00e9rt\u00fcnk ez alatt, \u00e9s miben k\u00fcl\u00f6nb\u00f6zik a saj\u00e1t fogyaszt\u00e1st\u00f3l.<\/p>\n\n\n\n<h2 class=\" wp-block-heading eplus-wrapper\">Mi az az \u201e\u00f6nell\u00e1totts\u00e1g\u201d, \u00e9s mi\u00e9rt l\u00e9nyeges?<\/h2>\n\n\n\n<p class=\" eplus-wrapper\">Az \u00f6nell\u00e1totts\u00e1g azt jelenti: az \u00e1ramfogyaszt\u00e1s\u00e1nak mekkora r\u00e9sze sz\u00e1rmazik saj\u00e1t napelemeib\u0151l? Ez k\u00f6zvetlen betekint\u00e9st ny\u00fajt abba, mennyire f\u00fcggetlen az elektromos h\u00e1l\u00f3zatt\u00f3l. Min\u00e9l magasabb az \u00f6nell\u00e1totts\u00e1ga, ann\u00e1l kevesebb \u00e1ramot v\u00e1s\u00e1rol a h\u00e1l\u00f3zatb\u00f3l. Ez praktikus \u00e9s konkr\u00e9t sz\u00e1mot ad a fogyaszt\u00e1s ir\u00e1ny\u00edt\u00e1s\u00e1hoz. A HomeWizard alkalmaz\u00e1sban l\u00e1thatja h\u00e1ztart\u00e1sa \u00f6nell\u00e1totts\u00e1g\u00e1t kWh-ban \u00e9s a teljes fogyaszt\u00e1s sz\u00e1zal\u00e9k\u00e1ban is.<\/p>\n\n\n\n<figure class=\" wp-block-image size-full eplus-wrapper\"><img loading=\"lazy\" decoding=\"async\" width=\"701\" height=\"486\" src=\"https:\/\/cdn.homewizard.com\/wp-content\/uploads\/2026\/03\/Zelfvoorzienend-grafiek-EN-6.webp\" alt=\"\" class=\"wp-image-2062102\" srcset=\"https:\/\/www.homewizard.com\/wp-content\/uploads\/2026\/03\/Zelfvoorzienend-grafiek-EN-6.webp 701w, https:\/\/www.homewizard.com\/wp-content\/uploads\/2026\/03\/Zelfvoorzienend-grafiek-EN-6-300x208.webp 300w\" sizes=\"auto, (max-width: 701px) 100vw, 701px\" \/><\/figure>\n\n\n\n<h2 class=\" wp-block-heading eplus-wrapper\">\u00d6nell\u00e1totts\u00e1g vs. saj\u00e1t fogyaszt\u00e1s: mi a k\u00fcl\u00f6nbs\u00e9g?<\/h2>\n\n\n\n<p class=\" eplus-wrapper\">Gyakran hallani a \u201esaj\u00e1t fogyaszt\u00e1s\u201d kifejez\u00e9st is: ez a saj\u00e1t maga \u00e1ltal felhaszn\u00e1lt napenergia mennyis\u00e9ge a teljes termel\u00e9s\u00e9hez k\u00e9pest. A kifejez\u00e9sek hasonl\u00f3nak t\u0171nnek, de a perspekt\u00edva m\u00e1s. T\u00e9len a napelemek kev\u00e9s energi\u00e1t termelnek. Ilyenkor szinte mindent elhaszn\u00e1l, amit termel, \u00edgy a saj\u00e1t fogyaszt\u00e1sa magas, n\u00e9ha k\u00f6zel 100%. M\u00e9gis, ebben az id\u0151szakban tov\u00e1bbra is nagyr\u00e9szt a h\u00e1l\u00f3zatt\u00f3l f\u00fcgg, mert a termel\u00e9s alacsony. Az \u00f6nell\u00e1totts\u00e1g ezt megford\u00edtja: az \u00f6sszes elfogyasztott \u00e1ram mekkora r\u00e9sze sz\u00e1rmazik saj\u00e1t termel\u00e9sb\u0151l? Az&nbsp;\u00f6nell\u00e1totts\u00e1gi grafikon&nbsp;seg\u00edts\u00e9g\u00e9vel k\u00f6zvetlen\u00fcl l\u00e1thatja, mennyire v\u00e1g egybe a fogyaszt\u00e1sa \u00e9s a termel\u00e9se.<\/p>\n\n\n\n<h2 class=\" wp-block-heading eplus-wrapper\">Hogyan seg\u00edt az \u00f6nell\u00e1totts\u00e1gba val\u00f3 betekint\u00e9s az okosabb ir\u00e1ny\u00edt\u00e1sban?<\/h2>\n\n\n\n<p class=\" eplus-wrapper\">Ha tudja, mennyire \u00f6nell\u00e1t\u00f3 a h\u00e1ztart\u00e1sa, akt\u00edvan \u00e1thelyezheti fogyaszt\u00e1s\u00e1t azokra az id\u0151szakokra, amikor a napelemek sok energi\u00e1t szolg\u00e1ltatnak. Az energiaig\u00e9nyes k\u00e9sz\u00fcl\u00e9kek (p\u00e9ld\u00e1ul mos\u00f3g\u00e9p vagy mosogat\u00f3g\u00e9p) napk\u00f6zbeni haszn\u00e1lat\u00e1val n\u00f6veli a saj\u00e1t \u00e1ram ar\u00e1ny\u00e1t a fogyaszt\u00e1s\u00e1ban.<\/p>\n\n\n\n<p class=\" eplus-wrapper\">Az olyan okos megold\u00e1sok, mint az <a href=\"https:\/\/www.homewizard.com\/hu\/energy-socket\/\">Energy Socket<\/a>, szint\u00e9n seg\u00edtenek a napenergia jobb kihaszn\u00e1l\u00e1s\u00e1ban. \u00cdgy l\u00e9p\u00e9sr\u0151l l\u00e9p\u00e9sre n\u00f6velheti f\u00fcggetlens\u00e9g\u00e9t a h\u00e1l\u00f3zatt\u00f3l. Min\u00e9l t\u00f6bb \u00e1ramot haszn\u00e1l fel k\u00f6zvetlen\u00fcl a termel\u00e9skor, ann\u00e1l \u00e9rt\u00e9kesebb\u00e9 v\u00e1lik saj\u00e1t termel\u00e9se.<\/p>\n\n\n\n<h2 class=\" wp-block-heading eplus-wrapper\">Gyakran Ism\u00e9telt K\u00e9rd\u00e9sek.<\/h2>\n\n\n\n<div class=\"schema-faq wp-block-yoast-faq-block\"><div class=\"schema-faq-section\" id=\"faq-question-1772715678762\"><strong class=\"schema-faq-question\"><strong>Mit jelent pontosan az \u00f6nell\u00e1totts\u00e1g?<\/strong><\/strong> <p class=\"schema-faq-answer\">Az \u00f6nell\u00e1totts\u00e1g az a m\u00e9rt\u00e9k, amilyen ar\u00e1nyban saj\u00e1t termel\u00e9s\u00e9vel fedezi saj\u00e1t energiasz\u00fcks\u00e9glet\u00e9t. Min\u00e9l nagyobb ez az ar\u00e1ny, ann\u00e1l kevesebb \u00e1ramot kell v\u00e1s\u00e1rolnia a h\u00e1l\u00f3zatb\u00f3l.<\/p> <\/div> <div class=\"schema-faq-section\" id=\"faq-question-1772715686307\"><strong class=\"schema-faq-question\"><strong>Mi a k\u00fcl\u00f6nbs\u00e9g az \u00f6nell\u00e1totts\u00e1g \u00e9s a saj\u00e1t fogyaszt\u00e1s k\u00f6z\u00f6tt?<\/strong><\/strong> <p class=\"schema-faq-answer\">A saj\u00e1t fogyaszt\u00e1s azt n\u00e9zi, hogy a termel\u00e9s\u00e9nek mekkora r\u00e9sz\u00e9t haszn\u00e1lja fel saj\u00e1t maga. Az \u00f6nell\u00e1totts\u00e1g azt n\u00e9zi, hogy a teljes fogyaszt\u00e1s\u00e1nak mekkora r\u00e9sz\u00e9t fedezi saj\u00e1t termel\u00e9se.<\/p> <\/div> <div class=\"schema-faq-section\" id=\"faq-question-1772715700114\"><strong class=\"schema-faq-question\"><strong>Hogyan n\u00f6velhetem az \u00f6nell\u00e1totts\u00e1gomat?<\/strong><\/strong> <p class=\"schema-faq-answer\">A k\u00e9sz\u00fcl\u00e9kek napk\u00f6zbeni haszn\u00e1lat\u00e1val \u00e9s a fogyaszt\u00e1s okosabb megtervez\u00e9s\u00e9vel n\u00f6veli a saj\u00e1t \u00e1ram ar\u00e1ny\u00e1t a teljes fogyaszt\u00e1s\u00e1ban.<\/p> <\/div> <\/div>\n\n\n<div class=\"wp-block-post-author\"><div class=\"wp-block-post-author__avatar\"><img alt='' src='https:\/\/secure.gravatar.com\/avatar\/6203913bf32f1d53a3b10325cc100592510e76f27d1e4dbb6fd9df7f37d1911d?s=48&#038;r=g' srcset='https:\/\/secure.gravatar.com\/avatar\/6203913bf32f1d53a3b10325cc100592510e76f27d1e4dbb6fd9df7f37d1911d?s=96&#038;r=g 2x' class='avatar avatar-48 photo' height='48' width='48' \/><\/div><div class=\"wp-block-post-author__content\"><p class=\"wp-block-post-author__name\">Tamara Huber<\/p><\/div><\/div>\n\n\n<p class=\" eplus-wrapper\"><\/p>\n","protected":false},"excerpt":{"rendered":"<p>Ha vannak napelemek a tet\u0151n, term\u00e9szetesen a lehet\u0151 legnagyobb m\u00e9rt\u00e9kben szeretn\u00e9 kihaszn\u00e1lni a termelt napenergi\u00e1t. V\u00e9g\u00fcl is k\u00e1r lenne nem teljes m\u00e9rt\u00e9kben kihaszn\u00e1lni saj\u00e1t fenntarthat\u00f3 napenergi\u00e1j\u00e1t. \u00d6sszekapcsolta m\u00e1r napelemeit a meg\u00fajult HomeWizard alkalmaz\u00e1ssal? Akkor egy pillant\u00e1ssal l\u00e1thatja, hogy a termelt napenergi\u00e1b\u00f3l mennyit fogyasztott el saj\u00e1t maga. Kor\u00e1bban ezt \u201enapfogyaszt\u00e1snak\u201d nevezt\u00fck, de a j\u00f6v\u0151ben az&nbsp;\u00f6nell\u00e1t\u00f3&nbsp;kifejez\u00e9st haszn\u00e1ljuk.&hellip;<\/p>\n","protected":false},"author":779690,"featured_media":2063464,"comment_status":"closed","ping_status":"closed","sticky":false,"template":"","format":"standard","meta":{"_acf_changed":false,"editor_plus_copied_stylings":"{}","footnotes":""},"categories":[346],"tags":[],"class_list":["post-2055930","post","type-post","status-publish","format-standard","has-post-thumbnail","hentry","category-magyarazat"],"acf":[],"yoast_head":"<!-- This site is optimized with the Yoast SEO plugin v27.0 - https:\/\/yoast.com\/product\/yoast-seo-wordpress\/ -->\n<title>Betekint\u00e9s az \u00f6nell\u00e1totts\u00e1gba: mi az, \u00e9s mi\u00e9rt fontos? - HomeWizard<\/title>\n<meta name=\"description\" content=\"Minden az \u00f6nell\u00e1totts\u00e1gr\u00f3l: n\u00e9zze meg, mennyi \u00e1ramfogyaszt\u00e1sa sz\u00e1rmazik saj\u00e1t napelemeib\u0151l, \u00e9s ir\u00e1ny\u00edtsa okosabban fogyaszt\u00e1s\u00e1t a HomeWizard seg\u00edts\u00e9g\u00e9vel.\" \/>\n<meta name=\"robots\" content=\"index, follow, max-snippet:-1, max-image-preview:large, max-video-preview:-1\" \/>\n<link rel=\"canonical\" href=\"https:\/\/www.homewizard.com\/hu\/blog\/betekintes-az-onellatottsagba-napelem\/\" \/>\n<meta property=\"og:locale\" content=\"hu_HU\" \/>\n<meta property=\"og:type\" content=\"article\" \/>\n<meta property=\"og:title\" content=\"Betekint\u00e9s az \u00f6nell\u00e1totts\u00e1gba: mi az, \u00e9s mi\u00e9rt fontos?\" \/>\n<meta property=\"og:description\" content=\"Minden az \u00f6nell\u00e1totts\u00e1gr\u00f3l: n\u00e9zze meg, mennyi \u00e1ramfogyaszt\u00e1sa sz\u00e1rmazik saj\u00e1t napelemeib\u0151l, \u00e9s ir\u00e1ny\u00edtsa okosabban fogyaszt\u00e1s\u00e1t a HomeWizard seg\u00edts\u00e9g\u00e9vel.\" \/>\n<meta property=\"og:url\" content=\"https:\/\/www.homewizard.com\/hu\/blog\/betekintes-az-onellatottsagba-napelem\/\" \/>\n<meta property=\"og:site_name\" content=\"HomeWizard\" \/>\n<meta property=\"article:publisher\" content=\"https:\/\/www.facebook.com\/HomeWizardBV\/\" \/>\n<meta property=\"article:published_time\" content=\"2026-03-10T11:38:55+00:00\" \/>\n<meta property=\"article:modified_time\" content=\"2026-03-10T11:38:57+00:00\" \/>\n<meta property=\"og:image\" content=\"https:\/\/www.homewizard.com\/wp-content\/uploads\/2026\/03\/Self-sufficient.webp\" \/>\n\t<meta property=\"og:image:width\" content=\"1110\" \/>\n\t<meta property=\"og:image:height\" content=\"720\" \/>\n\t<meta property=\"og:image:type\" content=\"image\/webp\" \/>\n<meta name=\"author\" content=\"Tamara Huber\" \/>\n<meta name=\"twitter:card\" content=\"summary_large_image\" \/>\n<meta name=\"twitter:creator\" content=\"@HomeWizard_NL\" \/>\n<meta name=\"twitter:site\" content=\"@HomeWizard_NL\" \/>\n<meta name=\"twitter:label1\" content=\"Szerz\u0151:\" \/>\n\t<meta name=\"twitter:data1\" content=\"Tamara Huber\" \/>\n\t<meta name=\"twitter:label2\" content=\"Becs\u00fclt olvas\u00e1si id\u0151\" \/>\n\t<meta name=\"twitter:data2\" content=\"3 perc\" \/>\n<script type=\"application\/ld+json\" class=\"yoast-schema-graph\">{\"@context\":\"https:\/\/schema.org\",\"@graph\":[{\"@type\":[\"Article\",\"BlogPosting\"],\"@id\":\"https:\/\/www.homewizard.com\/hu\/blog\/betekintes-az-onellatottsagba-napelem\/#article\",\"isPartOf\":{\"@id\":\"https:\/\/www.homewizard.com\/hu\/blog\/betekintes-az-onellatottsagba-napelem\/\"},\"author\":{\"name\":\"Tamara Huber\",\"@id\":\"https:\/\/www.homewizard.com\/hu\/#\/schema\/person\/6161a497368d8bf5804d3e39ca755971\"},\"headline\":\"Betekint\u00e9s az \u00f6nell\u00e1totts\u00e1gba: mi az, \u00e9s mi\u00e9rt fontos?\",\"datePublished\":\"2026-03-10T11:38:55+00:00\",\"dateModified\":\"2026-03-10T11:38:57+00:00\",\"mainEntityOfPage\":{\"@id\":\"https:\/\/www.homewizard.com\/hu\/blog\/betekintes-az-onellatottsagba-napelem\/\"},\"wordCount\":685,\"publisher\":{\"@id\":\"https:\/\/www.homewizard.com\/hu\/#organization\"},\"image\":{\"@id\":\"https:\/\/www.homewizard.com\/hu\/blog\/betekintes-az-onellatottsagba-napelem\/#primaryimage\"},\"thumbnailUrl\":\"https:\/\/www.homewizard.com\/wp-content\/uploads\/2026\/03\/Self-sufficient.webp\",\"articleSection\":[\"Magyar\u00e1zat\"],\"inLanguage\":\"hu\"},{\"@type\":[\"WebPage\",\"FAQPage\"],\"@id\":\"https:\/\/www.homewizard.com\/hu\/blog\/betekintes-az-onellatottsagba-napelem\/\",\"url\":\"https:\/\/www.homewizard.com\/hu\/blog\/betekintes-az-onellatottsagba-napelem\/\",\"name\":\"Betekint\u00e9s az \u00f6nell\u00e1totts\u00e1gba: mi az, \u00e9s mi\u00e9rt fontos? - HomeWizard\",\"isPartOf\":{\"@id\":\"https:\/\/www.homewizard.com\/hu\/#website\"},\"primaryImageOfPage\":{\"@id\":\"https:\/\/www.homewizard.com\/hu\/blog\/betekintes-az-onellatottsagba-napelem\/#primaryimage\"},\"image\":{\"@id\":\"https:\/\/www.homewizard.com\/hu\/blog\/betekintes-az-onellatottsagba-napelem\/#primaryimage\"},\"thumbnailUrl\":\"https:\/\/www.homewizard.com\/wp-content\/uploads\/2026\/03\/Self-sufficient.webp\",\"datePublished\":\"2026-03-10T11:38:55+00:00\",\"dateModified\":\"2026-03-10T11:38:57+00:00\",\"description\":\"Minden az \u00f6nell\u00e1totts\u00e1gr\u00f3l: n\u00e9zze meg, mennyi \u00e1ramfogyaszt\u00e1sa sz\u00e1rmazik saj\u00e1t napelemeib\u0151l, \u00e9s ir\u00e1ny\u00edtsa okosabban fogyaszt\u00e1s\u00e1t a HomeWizard seg\u00edts\u00e9g\u00e9vel.\",\"breadcrumb\":{\"@id\":\"https:\/\/www.homewizard.com\/hu\/blog\/betekintes-az-onellatottsagba-napelem\/#breadcrumb\"},\"mainEntity\":[{\"@id\":\"https:\/\/www.homewizard.com\/hu\/blog\/betekintes-az-onellatottsagba-napelem\/#faq-question-1772715678762\"},{\"@id\":\"https:\/\/www.homewizard.com\/hu\/blog\/betekintes-az-onellatottsagba-napelem\/#faq-question-1772715686307\"},{\"@id\":\"https:\/\/www.homewizard.com\/hu\/blog\/betekintes-az-onellatottsagba-napelem\/#faq-question-1772715700114\"}],\"inLanguage\":\"hu\",\"potentialAction\":[{\"@type\":\"ReadAction\",\"target\":[\"https:\/\/www.homewizard.com\/hu\/blog\/betekintes-az-onellatottsagba-napelem\/\"]}]},{\"@type\":\"ImageObject\",\"inLanguage\":\"hu\",\"@id\":\"https:\/\/www.homewizard.com\/hu\/blog\/betekintes-az-onellatottsagba-napelem\/#primaryimage\",\"url\":\"https:\/\/www.homewizard.com\/wp-content\/uploads\/2026\/03\/Self-sufficient.webp\",\"contentUrl\":\"https:\/\/www.homewizard.com\/wp-content\/uploads\/2026\/03\/Self-sufficient.webp\",\"width\":1110,\"height\":720},{\"@type\":\"BreadcrumbList\",\"@id\":\"https:\/\/www.homewizard.com\/hu\/blog\/betekintes-az-onellatottsagba-napelem\/#breadcrumb\",\"itemListElement\":[{\"@type\":\"ListItem\",\"position\":1,\"name\":\"Home\",\"item\":\"https:\/\/www.homewizard.com\/hu\/\"},{\"@type\":\"ListItem\",\"position\":2,\"name\":\"Betekint\u00e9s az \u00f6nell\u00e1totts\u00e1gba: mi az, \u00e9s mi\u00e9rt fontos?\"}]},{\"@type\":\"WebSite\",\"@id\":\"https:\/\/www.homewizard.com\/hu\/#website\",\"url\":\"https:\/\/www.homewizard.com\/hu\/\",\"name\":\"HomeWizard\",\"description\":\"HomeWizard Energy\",\"publisher\":{\"@id\":\"https:\/\/www.homewizard.com\/hu\/#organization\"},\"potentialAction\":[{\"@type\":\"SearchAction\",\"target\":{\"@type\":\"EntryPoint\",\"urlTemplate\":\"https:\/\/www.homewizard.com\/hu\/?s={search_term_string}\"},\"query-input\":{\"@type\":\"PropertyValueSpecification\",\"valueRequired\":true,\"valueName\":\"search_term_string\"}}],\"inLanguage\":\"hu\"},{\"@type\":\"Organization\",\"@id\":\"https:\/\/www.homewizard.com\/hu\/#organization\",\"name\":\"HomeWizard\",\"url\":\"https:\/\/www.homewizard.com\/hu\/\",\"logo\":{\"@type\":\"ImageObject\",\"inLanguage\":\"hu\",\"@id\":\"https:\/\/www.homewizard.com\/hu\/#\/schema\/logo\/image\/\",\"url\":\"https:\/\/www.homewizard.com\/wp-content\/uploads\/2023\/06\/HomeWizard-icon-on-black.png\",\"contentUrl\":\"https:\/\/www.homewizard.com\/wp-content\/uploads\/2023\/06\/HomeWizard-icon-on-black.png\",\"width\":500,\"height\":500,\"caption\":\"HomeWizard\"},\"image\":{\"@id\":\"https:\/\/www.homewizard.com\/hu\/#\/schema\/logo\/image\/\"},\"sameAs\":[\"https:\/\/www.facebook.com\/HomeWizardBV\/\",\"https:\/\/x.com\/HomeWizard_NL\",\"https:\/\/www.youtube.com\/HomeWizardBV\",\"https:\/\/www.instagram.com\/homewizardenergy\/\"]},{\"@type\":\"Person\",\"@id\":\"https:\/\/www.homewizard.com\/hu\/#\/schema\/person\/6161a497368d8bf5804d3e39ca755971\",\"name\":\"Tamara Huber\",\"image\":{\"@type\":\"ImageObject\",\"inLanguage\":\"hu\",\"@id\":\"https:\/\/www.homewizard.com\/hu\/#\/schema\/person\/image\/\",\"url\":\"https:\/\/secure.gravatar.com\/avatar\/6203913bf32f1d53a3b10325cc100592510e76f27d1e4dbb6fd9df7f37d1911d?s=96&r=g\",\"contentUrl\":\"https:\/\/secure.gravatar.com\/avatar\/6203913bf32f1d53a3b10325cc100592510e76f27d1e4dbb6fd9df7f37d1911d?s=96&r=g\",\"caption\":\"Tamara Huber\"},\"description\":\"Tamara Huber schrijft bij HomeWizard over slim energiegebruik. Met een scherpe pen en focus op impact vertaalt ze de wereld van energie naar toegankelijke verhalen, gebruikerservaringen en relevante nieuwsupdates. Zo laat ze zien hoe slim omgaan met energie eruitziet in het dagelijks leven.\",\"url\":\"https:\/\/www.homewizard.com\/hu\/blog\/author\/thuber\/\"},{\"@type\":\"Question\",\"@id\":\"https:\/\/www.homewizard.com\/hu\/blog\/betekintes-az-onellatottsagba-napelem\/#faq-question-1772715678762\",\"position\":1,\"url\":\"https:\/\/www.homewizard.com\/hu\/blog\/betekintes-az-onellatottsagba-napelem\/#faq-question-1772715678762\",\"name\":\"Mit jelent pontosan az \u00f6nell\u00e1totts\u00e1g?\",\"answerCount\":1,\"acceptedAnswer\":{\"@type\":\"Answer\",\"text\":\"Az \u00f6nell\u00e1totts\u00e1g az a m\u00e9rt\u00e9k, amilyen ar\u00e1nyban saj\u00e1t termel\u00e9s\u00e9vel fedezi saj\u00e1t energiasz\u00fcks\u00e9glet\u00e9t. Min\u00e9l nagyobb ez az ar\u00e1ny, ann\u00e1l kevesebb \u00e1ramot kell v\u00e1s\u00e1rolnia a h\u00e1l\u00f3zatb\u00f3l.\",\"inLanguage\":\"hu\"},\"inLanguage\":\"hu\"},{\"@type\":\"Question\",\"@id\":\"https:\/\/www.homewizard.com\/hu\/blog\/betekintes-az-onellatottsagba-napelem\/#faq-question-1772715686307\",\"position\":2,\"url\":\"https:\/\/www.homewizard.com\/hu\/blog\/betekintes-az-onellatottsagba-napelem\/#faq-question-1772715686307\",\"name\":\"Mi a k\u00fcl\u00f6nbs\u00e9g az \u00f6nell\u00e1totts\u00e1g \u00e9s a saj\u00e1t fogyaszt\u00e1s k\u00f6z\u00f6tt?\",\"answerCount\":1,\"acceptedAnswer\":{\"@type\":\"Answer\",\"text\":\"A saj\u00e1t fogyaszt\u00e1s azt n\u00e9zi, hogy a termel\u00e9s\u00e9nek mekkora r\u00e9sz\u00e9t haszn\u00e1lja fel saj\u00e1t maga. Az \u00f6nell\u00e1totts\u00e1g azt n\u00e9zi, hogy a teljes fogyaszt\u00e1s\u00e1nak mekkora r\u00e9sz\u00e9t fedezi saj\u00e1t termel\u00e9se.\",\"inLanguage\":\"hu\"},\"inLanguage\":\"hu\"},{\"@type\":\"Question\",\"@id\":\"https:\/\/www.homewizard.com\/hu\/blog\/betekintes-az-onellatottsagba-napelem\/#faq-question-1772715700114\",\"position\":3,\"url\":\"https:\/\/www.homewizard.com\/hu\/blog\/betekintes-az-onellatottsagba-napelem\/#faq-question-1772715700114\",\"name\":\"Hogyan n\u00f6velhetem az \u00f6nell\u00e1totts\u00e1gomat?\",\"answerCount\":1,\"acceptedAnswer\":{\"@type\":\"Answer\",\"text\":\"A k\u00e9sz\u00fcl\u00e9kek napk\u00f6zbeni haszn\u00e1lat\u00e1val \u00e9s a fogyaszt\u00e1s okosabb megtervez\u00e9s\u00e9vel n\u00f6veli a saj\u00e1t \u00e1ram ar\u00e1ny\u00e1t a teljes fogyaszt\u00e1s\u00e1ban.\",\"inLanguage\":\"hu\"},\"inLanguage\":\"hu\"}]}<\/script>\n<!-- \/ Yoast SEO plugin. -->","yoast_head_json":{"title":"Betekint\u00e9s az \u00f6nell\u00e1totts\u00e1gba: mi az, \u00e9s mi\u00e9rt fontos? - HomeWizard","description":"Minden az \u00f6nell\u00e1totts\u00e1gr\u00f3l: n\u00e9zze meg, mennyi \u00e1ramfogyaszt\u00e1sa sz\u00e1rmazik saj\u00e1t napelemeib\u0151l, \u00e9s ir\u00e1ny\u00edtsa okosabban fogyaszt\u00e1s\u00e1t a HomeWizard seg\u00edts\u00e9g\u00e9vel.","robots":{"index":"index","follow":"follow","max-snippet":"max-snippet:-1","max-image-preview":"max-image-preview:large","max-video-preview":"max-video-preview:-1"},"canonical":"https:\/\/www.homewizard.com\/hu\/blog\/betekintes-az-onellatottsagba-napelem\/","og_locale":"hu_HU","og_type":"article","og_title":"Betekint\u00e9s az \u00f6nell\u00e1totts\u00e1gba: mi az, \u00e9s mi\u00e9rt fontos?","og_description":"Minden az \u00f6nell\u00e1totts\u00e1gr\u00f3l: n\u00e9zze meg, mennyi \u00e1ramfogyaszt\u00e1sa sz\u00e1rmazik saj\u00e1t napelemeib\u0151l, \u00e9s ir\u00e1ny\u00edtsa okosabban fogyaszt\u00e1s\u00e1t a HomeWizard seg\u00edts\u00e9g\u00e9vel.","og_url":"https:\/\/www.homewizard.com\/hu\/blog\/betekintes-az-onellatottsagba-napelem\/","og_site_name":"HomeWizard","article_publisher":"https:\/\/www.facebook.com\/HomeWizardBV\/","article_published_time":"2026-03-10T11:38:55+00:00","article_modified_time":"2026-03-10T11:38:57+00:00","og_image":[{"width":1110,"height":720,"url":"https:\/\/www.homewizard.com\/wp-content\/uploads\/2026\/03\/Self-sufficient.webp","type":"image\/webp"}],"author":"Tamara Huber","twitter_card":"summary_large_image","twitter_creator":"@HomeWizard_NL","twitter_site":"@HomeWizard_NL","twitter_misc":{"Szerz\u0151:":"Tamara Huber","Becs\u00fclt olvas\u00e1si id\u0151":"3 perc"},"schema":{"@context":"https:\/\/schema.org","@graph":[{"@type":["Article","BlogPosting"],"@id":"https:\/\/www.homewizard.com\/hu\/blog\/betekintes-az-onellatottsagba-napelem\/#article","isPartOf":{"@id":"https:\/\/www.homewizard.com\/hu\/blog\/betekintes-az-onellatottsagba-napelem\/"},"author":{"name":"Tamara Huber","@id":"https:\/\/www.homewizard.com\/hu\/#\/schema\/person\/6161a497368d8bf5804d3e39ca755971"},"headline":"Betekint\u00e9s az \u00f6nell\u00e1totts\u00e1gba: mi az, \u00e9s mi\u00e9rt fontos?","datePublished":"2026-03-10T11:38:55+00:00","dateModified":"2026-03-10T11:38:57+00:00","mainEntityOfPage":{"@id":"https:\/\/www.homewizard.com\/hu\/blog\/betekintes-az-onellatottsagba-napelem\/"},"wordCount":685,"publisher":{"@id":"https:\/\/www.homewizard.com\/hu\/#organization"},"image":{"@id":"https:\/\/www.homewizard.com\/hu\/blog\/betekintes-az-onellatottsagba-napelem\/#primaryimage"},"thumbnailUrl":"https:\/\/www.homewizard.com\/wp-content\/uploads\/2026\/03\/Self-sufficient.webp","articleSection":["Magyar\u00e1zat"],"inLanguage":"hu"},{"@type":["WebPage","FAQPage"],"@id":"https:\/\/www.homewizard.com\/hu\/blog\/betekintes-az-onellatottsagba-napelem\/","url":"https:\/\/www.homewizard.com\/hu\/blog\/betekintes-az-onellatottsagba-napelem\/","name":"Betekint\u00e9s az \u00f6nell\u00e1totts\u00e1gba: mi az, \u00e9s mi\u00e9rt fontos? - HomeWizard","isPartOf":{"@id":"https:\/\/www.homewizard.com\/hu\/#website"},"primaryImageOfPage":{"@id":"https:\/\/www.homewizard.com\/hu\/blog\/betekintes-az-onellatottsagba-napelem\/#primaryimage"},"image":{"@id":"https:\/\/www.homewizard.com\/hu\/blog\/betekintes-az-onellatottsagba-napelem\/#primaryimage"},"thumbnailUrl":"https:\/\/www.homewizard.com\/wp-content\/uploads\/2026\/03\/Self-sufficient.webp","datePublished":"2026-03-10T11:38:55+00:00","dateModified":"2026-03-10T11:38:57+00:00","description":"Minden az \u00f6nell\u00e1totts\u00e1gr\u00f3l: n\u00e9zze meg, mennyi \u00e1ramfogyaszt\u00e1sa sz\u00e1rmazik saj\u00e1t napelemeib\u0151l, \u00e9s ir\u00e1ny\u00edtsa okosabban fogyaszt\u00e1s\u00e1t a HomeWizard seg\u00edts\u00e9g\u00e9vel.","breadcrumb":{"@id":"https:\/\/www.homewizard.com\/hu\/blog\/betekintes-az-onellatottsagba-napelem\/#breadcrumb"},"mainEntity":[{"@id":"https:\/\/www.homewizard.com\/hu\/blog\/betekintes-az-onellatottsagba-napelem\/#faq-question-1772715678762"},{"@id":"https:\/\/www.homewizard.com\/hu\/blog\/betekintes-az-onellatottsagba-napelem\/#faq-question-1772715686307"},{"@id":"https:\/\/www.homewizard.com\/hu\/blog\/betekintes-az-onellatottsagba-napelem\/#faq-question-1772715700114"}],"inLanguage":"hu","potentialAction":[{"@type":"ReadAction","target":["https:\/\/www.homewizard.com\/hu\/blog\/betekintes-az-onellatottsagba-napelem\/"]}]},{"@type":"ImageObject","inLanguage":"hu","@id":"https:\/\/www.homewizard.com\/hu\/blog\/betekintes-az-onellatottsagba-napelem\/#primaryimage","url":"https:\/\/www.homewizard.com\/wp-content\/uploads\/2026\/03\/Self-sufficient.webp","contentUrl":"https:\/\/www.homewizard.com\/wp-content\/uploads\/2026\/03\/Self-sufficient.webp","width":1110,"height":720},{"@type":"BreadcrumbList","@id":"https:\/\/www.homewizard.com\/hu\/blog\/betekintes-az-onellatottsagba-napelem\/#breadcrumb","itemListElement":[{"@type":"ListItem","position":1,"name":"Home","item":"https:\/\/www.homewizard.com\/hu\/"},{"@type":"ListItem","position":2,"name":"Betekint\u00e9s az \u00f6nell\u00e1totts\u00e1gba: mi az, \u00e9s mi\u00e9rt fontos?"}]},{"@type":"WebSite","@id":"https:\/\/www.homewizard.com\/hu\/#website","url":"https:\/\/www.homewizard.com\/hu\/","name":"HomeWizard","description":"HomeWizard Energy","publisher":{"@id":"https:\/\/www.homewizard.com\/hu\/#organization"},"potentialAction":[{"@type":"SearchAction","target":{"@type":"EntryPoint","urlTemplate":"https:\/\/www.homewizard.com\/hu\/?s={search_term_string}"},"query-input":{"@type":"PropertyValueSpecification","valueRequired":true,"valueName":"search_term_string"}}],"inLanguage":"hu"},{"@type":"Organization","@id":"https:\/\/www.homewizard.com\/hu\/#organization","name":"HomeWizard","url":"https:\/\/www.homewizard.com\/hu\/","logo":{"@type":"ImageObject","inLanguage":"hu","@id":"https:\/\/www.homewizard.com\/hu\/#\/schema\/logo\/image\/","url":"https:\/\/www.homewizard.com\/wp-content\/uploads\/2023\/06\/HomeWizard-icon-on-black.png","contentUrl":"https:\/\/www.homewizard.com\/wp-content\/uploads\/2023\/06\/HomeWizard-icon-on-black.png","width":500,"height":500,"caption":"HomeWizard"},"image":{"@id":"https:\/\/www.homewizard.com\/hu\/#\/schema\/logo\/image\/"},"sameAs":["https:\/\/www.facebook.com\/HomeWizardBV\/","https:\/\/x.com\/HomeWizard_NL","https:\/\/www.youtube.com\/HomeWizardBV","https:\/\/www.instagram.com\/homewizardenergy\/"]},{"@type":"Person","@id":"https:\/\/www.homewizard.com\/hu\/#\/schema\/person\/6161a497368d8bf5804d3e39ca755971","name":"Tamara Huber","image":{"@type":"ImageObject","inLanguage":"hu","@id":"https:\/\/www.homewizard.com\/hu\/#\/schema\/person\/image\/","url":"https:\/\/secure.gravatar.com\/avatar\/6203913bf32f1d53a3b10325cc100592510e76f27d1e4dbb6fd9df7f37d1911d?s=96&r=g","contentUrl":"https:\/\/secure.gravatar.com\/avatar\/6203913bf32f1d53a3b10325cc100592510e76f27d1e4dbb6fd9df7f37d1911d?s=96&r=g","caption":"Tamara Huber"},"description":"Tamara Huber schrijft bij HomeWizard over slim energiegebruik. Met een scherpe pen en focus op impact vertaalt ze de wereld van energie naar toegankelijke verhalen, gebruikerservaringen en relevante nieuwsupdates. Zo laat ze zien hoe slim omgaan met energie eruitziet in het dagelijks leven.","url":"https:\/\/www.homewizard.com\/hu\/blog\/author\/thuber\/"},{"@type":"Question","@id":"https:\/\/www.homewizard.com\/hu\/blog\/betekintes-az-onellatottsagba-napelem\/#faq-question-1772715678762","position":1,"url":"https:\/\/www.homewizard.com\/hu\/blog\/betekintes-az-onellatottsagba-napelem\/#faq-question-1772715678762","name":"Mit jelent pontosan az \u00f6nell\u00e1totts\u00e1g?","answerCount":1,"acceptedAnswer":{"@type":"Answer","text":"Az \u00f6nell\u00e1totts\u00e1g az a m\u00e9rt\u00e9k, amilyen ar\u00e1nyban saj\u00e1t termel\u00e9s\u00e9vel fedezi saj\u00e1t energiasz\u00fcks\u00e9glet\u00e9t. Min\u00e9l nagyobb ez az ar\u00e1ny, ann\u00e1l kevesebb \u00e1ramot kell v\u00e1s\u00e1rolnia a h\u00e1l\u00f3zatb\u00f3l.","inLanguage":"hu"},"inLanguage":"hu"},{"@type":"Question","@id":"https:\/\/www.homewizard.com\/hu\/blog\/betekintes-az-onellatottsagba-napelem\/#faq-question-1772715686307","position":2,"url":"https:\/\/www.homewizard.com\/hu\/blog\/betekintes-az-onellatottsagba-napelem\/#faq-question-1772715686307","name":"Mi a k\u00fcl\u00f6nbs\u00e9g az \u00f6nell\u00e1totts\u00e1g \u00e9s a saj\u00e1t fogyaszt\u00e1s k\u00f6z\u00f6tt?","answerCount":1,"acceptedAnswer":{"@type":"Answer","text":"A saj\u00e1t fogyaszt\u00e1s azt n\u00e9zi, hogy a termel\u00e9s\u00e9nek mekkora r\u00e9sz\u00e9t haszn\u00e1lja fel saj\u00e1t maga. Az \u00f6nell\u00e1totts\u00e1g azt n\u00e9zi, hogy a teljes fogyaszt\u00e1s\u00e1nak mekkora r\u00e9sz\u00e9t fedezi saj\u00e1t termel\u00e9se.","inLanguage":"hu"},"inLanguage":"hu"},{"@type":"Question","@id":"https:\/\/www.homewizard.com\/hu\/blog\/betekintes-az-onellatottsagba-napelem\/#faq-question-1772715700114","position":3,"url":"https:\/\/www.homewizard.com\/hu\/blog\/betekintes-az-onellatottsagba-napelem\/#faq-question-1772715700114","name":"Hogyan n\u00f6velhetem az \u00f6nell\u00e1totts\u00e1gomat?","answerCount":1,"acceptedAnswer":{"@type":"Answer","text":"A k\u00e9sz\u00fcl\u00e9kek napk\u00f6zbeni haszn\u00e1lat\u00e1val \u00e9s a fogyaszt\u00e1s okosabb megtervez\u00e9s\u00e9vel n\u00f6veli a saj\u00e1t \u00e1ram ar\u00e1ny\u00e1t a teljes fogyaszt\u00e1s\u00e1ban.","inLanguage":"hu"},"inLanguage":"hu"}]}},"_links":{"self":[{"href":"https:\/\/www.homewizard.com\/hu\/wp-json\/wp\/v2\/posts\/2055930","targetHints":{"allow":["GET"]}}],"collection":[{"href":"https:\/\/www.homewizard.com\/hu\/wp-json\/wp\/v2\/posts"}],"about":[{"href":"https:\/\/www.homewizard.com\/hu\/wp-json\/wp\/v2\/types\/post"}],"author":[{"embeddable":true,"href":"https:\/\/www.homewizard.com\/hu\/wp-json\/wp\/v2\/users\/779690"}],"replies":[{"embeddable":true,"href":"https:\/\/www.homewizard.com\/hu\/wp-json\/wp\/v2\/comments?post=2055930"}],"version-history":[{"count":2,"href":"https:\/\/www.homewizard.com\/hu\/wp-json\/wp\/v2\/posts\/2055930\/revisions"}],"predecessor-version":[{"id":2062113,"href":"https:\/\/www.homewizard.com\/hu\/wp-json\/wp\/v2\/posts\/2055930\/revisions\/2062113"}],"wp:featuredmedia":[{"embeddable":true,"href":"https:\/\/www.homewizard.com\/hu\/wp-json\/wp\/v2\/media\/2063464"}],"wp:attachment":[{"href":"https:\/\/www.homewizard.com\/hu\/wp-json\/wp\/v2\/media?parent=2055930"}],"wp:term":[{"taxonomy":"category","embeddable":true,"href":"https:\/\/www.homewizard.com\/hu\/wp-json\/wp\/v2\/categories?post=2055930"},{"taxonomy":"post_tag","embeddable":true,"href":"https:\/\/www.homewizard.com\/hu\/wp-json\/wp\/v2\/tags?post=2055930"}],"curies":[{"name":"wp","href":"https:\/\/api.w.org\/{rel}","templated":true}]}}