{"id":1065161,"date":"2024-07-30T16:52:59","date_gmt":"2024-07-30T14:52:59","guid":{"rendered":"https:\/\/www.homewizard.com\/blog\/mely-eszkozoknek-van-magas-keszenleti-fogyasztasa\/"},"modified":"2024-07-30T16:53:01","modified_gmt":"2024-07-30T14:53:01","slug":"mely-eszkozoknek-van-magas-keszenleti-fogyasztasa","status":"publish","type":"post","link":"https:\/\/www.homewizard.com\/hu\/blog\/mely-eszkozoknek-van-magas-keszenleti-fogyasztasa\/","title":{"rendered":"Mely eszk\u00f6z\u00f6knek van magas k\u00e9szenl\u00e9ti fogyaszt\u00e1sa?"},"content":{"rendered":"\n<p class=\" eplus-wrapper\">Mindennapi \u00e9let\u00fcnkben elektronikus eszk\u00f6z\u00f6k vesznek k\u00f6r\u00fcl minket. M\u00e9g ha l\u00e1tsz\u00f3lag ki is vannak kapcsolva, titokban \u00e1ramot fogyasztanak. Ezt a jelens\u00e9get k\u00fasz\u00f3 fogyaszt\u00e1snak vagy k\u00e9szenl\u00e9ti fogyaszt\u00e1snak nevezik, \u00e9s felesleges energiak\u00f6lts\u00e9gekhez \u00e9s k\u00f6rnyezetszennyez\u00e9shez vezethet. De val\u00f3j\u00e1ban mely k\u00e9sz\u00fcl\u00e9kek a legnagyobb b\u0171n\u00f6s\u00f6k? Ebben a blogban elmer\u00fcl\u00fcnk a k\u00fasz\u00f3 fogyaszt\u00e1s vil\u00e1g\u00e1ban, \u00e9s kider\u00edtj\u00fck, hogy mely gyakori k\u00e9sz\u00fcl\u00e9kek fogyasztanak titokban energi\u00e1t, m\u00e9g akkor is, amikor azt hissz\u00fck, hogy alv\u00f3 \u00fczemm\u00f3dban vannak.<\/p>\n\n<h2 class=\" wp-block-heading eplus-wrapper\">Magas k\u00e9szenl\u00e9ti fogyaszt\u00e1s\u00fa k\u00e9sz\u00fcl\u00e9kek<\/h2>\n\n<p class=\" eplus-wrapper\">A magas k\u00e9szenl\u00e9ti fogyaszt\u00e1st gyakran okoz\u00f3 k\u00e9sz\u00fcl\u00e9kek k\u00fcl\u00f6nb\u00f6z\u0151ek lehetnek, de \u00edme n\u00e9h\u00e1ny gyakori b\u0171n\u00f6s.<\/p>\n\n<h3 class=\" wp-block-heading eplus-wrapper\">A telev\u00edzi\u00f3k\u00e9sz\u00fcl\u00e9kek k\u00fasz\u00f3 fogyaszt\u00e1sa<\/h3>\n\n<p class=\" eplus-wrapper\">A k\u00fasz\u00f3 fogyaszt\u00e1s gyakori a telev\u00edzi\u00f3kn\u00e1l. B\u00e1r ezek a k\u00e9sz\u00fcl\u00e9kek gyakran \u00fagy n\u00e9znek ki, mintha teljesen ki lenn\u00e9nek kapcsolva, titokban m\u00e9gis energi\u00e1t fogyasztanak, gyakran an\u00e9lk\u00fcl, hogy \u00e9szrevenn\u00e9nk. A telev\u00edzi\u00f3k h\u00edrhedt b\u0171n\u00f6s\u00f6k, mert m\u00e9g ha kikapcsoltnak is t\u0171nnek, gyakran egyfajta szundi \u00fczemm\u00f3dban maradnak. Az \u00d6n t\u00e9v\u00e9je most volt kikapcsolva, de a piros l\u00e1mpa m\u00e9g mindig vil\u00e1g\u00edt? Akkor a k\u00e9sz\u00fcl\u00e9k val\u00f3sz\u00edn\u0171leg ebben az alv\u00f3 \u00fczemm\u00f3dban van. B\u00e1r az ebb\u0151l ered\u0151 k\u00e9szenl\u00e9ti fogyaszt\u00e1s l\u00e1thatatlan, m\u00e9gis megjelenik az \u00d6n villanysz\u00e1ml\u00e1j\u00e1n. Egy &#8222;norm\u00e1l&#8221; k\u00e9szenl\u00e9ti \u00fczemm\u00f3dban l\u00e9v\u0151 telev\u00edzi\u00f3 legfeljebb 0,5 wattot fogyaszt. Azonban olyan kieg\u00e9sz\u00edt\u0151 opci\u00f3kkal, mint a h\u00e1l\u00f3zati kapcsolat vagy a gyorsind\u00edt\u00e1si funkci\u00f3, ez az \u00e9rt\u00e9k 10 wattra vagy m\u00e9g t\u00f6bbre is emelkedhet. Ha a t\u00e9v\u00e9t napi 24 \u00f3r\u00e1n \u00e1t k\u00e9szenl\u00e9ti \u00fczemm\u00f3dban hagyn\u00e1, ez \u00e9vente k\u00f6r\u00fclbel\u00fcl 35,04 eur\u00f3ba ker\u00fclne. C\u00e9lszer\u0171 teh\u00e1t kikapcsolni ezeket a k\u00e9sz\u00fcl\u00e9keket, hogy a k\u00e9szenl\u00e9ti fogyaszt\u00e1snak ne legyen es\u00e9lye.&#13;\n&#13;\nTranslated with www.DeepL.com\/Translator (free version)<\/p>\n\n<h3 class=\" wp-block-heading eplus-wrapper\">K\u00fasz\u00f3 fogyaszt\u00e1s sz\u00e1m\u00edt\u00f3g\u00e9pekkel \u00e9s perif\u00e9ri\u00e1kkal<\/h3>\n\n<p class=\" eplus-wrapper\">Ami a telev\u00edzi\u00f3kra \u00e9s hasonl\u00f3 eszk\u00f6z\u00f6kre vonatkozik, az vonatkozik a (tart\u00f3san telep\u00edtett) sz\u00e1m\u00edt\u00f3g\u00e9pekre is. Ezek az eszk\u00f6z\u00f6k ugyanolyan t\u00edpus\u00fa alv\u00f3 \u00fczemm\u00f3ddal rendelkeznek, mint a telev\u00edzi\u00f3, amely lehet\u0151v\u00e9 teszi a sz\u00e1m\u00edt\u00f3g\u00e9p gyors \u00e9s egyszer\u0171 \u00fajra bekapcsol\u00e1s\u00e1t. Teh\u00e1t m\u00e9g ha \u00fagy t\u0171nik is, hogy a sz\u00e1m\u00edt\u00f3g\u00e9p teljesen kikapcsolt, lehet, hogy csak alv\u00f3 \u00fczemm\u00f3dban van. A telev\u00edzi\u00f3hoz hasonl\u00f3an ez gyakran a sz\u00e1m\u00edt\u00f3g\u00e9pen l\u00e9v\u0151 kis l\u00e1mp\u00e1r\u00f3l ismerhet\u0151 fel. Egy asztali sz\u00e1m\u00edt\u00f3g\u00e9p \u00e1tlagosan 15 wattot fogyaszt k\u00e9szenl\u00e9ti \u00fczemm\u00f3dban. Ha a sz\u00e1m\u00edt\u00f3g\u00e9pet naponta 8 \u00f3r\u00e1n kereszt\u00fcl kapcsoljuk be, a k\u00e9szenl\u00e9ti \u00fczemm\u00f3d (16 \u00f3ra) \u00e9vente k\u00f6r\u00fclbel\u00fcl 35 eur\u00f3ba ker\u00fcl.<\/p>\n\n<p class=\" eplus-wrapper\">Nemcsak maga a sz\u00e1m\u00edt\u00f3g\u00e9p, hanem olyan perif\u00e9ri\u00e1s eszk\u00f6z\u00f6k is hozz\u00e1j\u00e1rulhatnak a h\u00e1ztart\u00e1sok k\u00e9szenl\u00e9ti fogyaszt\u00e1s\u00e1hoz, mint a monitor vagy a nyomtat\u00f3. A nyomtat\u00f3ja a nap 24 \u00f3r\u00e1j\u00e1ban be van dugva, vagy csak akkor csatlakoztatja, amikor haszn\u00e1lja? Az els\u0151 esetben nagy a val\u00f3sz\u00edn\u0171s\u00e9ge annak, hogy a k\u00e9szenl\u00e9ti fogyaszt\u00e1s itt is jelentkezik. Egy nyomtat\u00f3 \u00e1tlagosan 1 wattot fogyaszt k\u00e9szenl\u00e9ti \u00fczemm\u00f3dban. Ha napi 24 \u00f3r\u00e1n \u00e1t van csatlakoztatva, ez \u00e9vente k\u00f6r\u00fclbel\u00fcl 3,50 eur\u00f3ba ker\u00fcl.<\/p>\n\n<h3 class=\" wp-block-heading eplus-wrapper\">A konyhai k\u00e9sz\u00fcl\u00e9kek k\u00fasz\u00f3 fogyaszt\u00e1sa<\/h3>\n\n<p class=\" eplus-wrapper\">A k\u00f6vetkez\u0151 p\u00e9ldak\u00e9nt n\u00e9zz\u00fck meg a konyh\u00e1t. Egy \u00e1tlagos konyha term\u00e9szetesen tele van elektromos k\u00e9sz\u00fcl\u00e9kekkel. Gondoljunk csak a k\u00f6vetkez\u0151kre: H\u0171t\u0151szekr\u00e9ny, s\u00fct\u0151, mikrohull\u00e1m\u00fa s\u00fct\u0151 vagy k\u00e1v\u00e9f\u0151z\u0151 &#8211; ezek mind olyan elektromos k\u00e9sz\u00fcl\u00e9kek, amelyek egy \u00e1tlagos konyh\u00e1ban megtal\u00e1lhat\u00f3k. Mindezek a konyhai k\u00e9sz\u00fcl\u00e9kek k\u00e9szenl\u00e9ti \u00fczemm\u00f3dban fogyasztanak \u00e1ramot? Ha bedugva hagyja \u0151ket \u00c9S van alv\u00f3 \u00fczemm\u00f3djuk, akkor igen. Minden esetben tehet ellene valamit? Nem, nem tudsz.<\/p>\n\n<p class=\" eplus-wrapper\">Kezdj\u00fck egy konyhai k\u00e9sz\u00fcl\u00e9kkel, p\u00e9ld\u00e1ul egy k\u00e1v\u00e9f\u0151z\u0151vel. Sok h\u00e1ztart\u00e1sban ezek a k\u00e9sz\u00fcl\u00e9kek \u00e9jjel-nappal a konnektorba vannak dugva &#8211; m\u00e9g akkor is, amikor nem haszn\u00e1lj\u00e1k \u0151ket. R\u00e1ad\u00e1sul sok k\u00e1v\u00e9f\u0151z\u0151 rendelkezik szundi \u00fczemm\u00f3ddal, \u00edgy a k\u00e9szenl\u00e9ti fogyaszt\u00e1s ezekn\u00e9l a k\u00e9sz\u00fcl\u00e9kekn\u00e9l is el\u0151fordulhat. Egy \u00e1tlagos k\u00e9szenl\u00e9ti funkci\u00f3val rendelkez\u0151 k\u00e1v\u00e9f\u0151z\u0151 k\u00e9szenl\u00e9ti \u00fczemm\u00f3dban k\u00f6r\u00fclbel\u00fcl 0,5 wattot fogyaszt. Egy ilyen k\u00e1v\u00e9f\u0151z\u0151 k\u00e9szenl\u00e9ti fogyaszt\u00e1sa \u00e9vente k\u00f6r\u00fclbel\u00fcl 1,75 eur\u00f3ba ker\u00fcl. A megold\u00e1s? Csak akkor csatlakoztassa a k\u00e9sz\u00fcl\u00e9ket, amikor val\u00f3ban haszn\u00e1lja.<\/p>\n\n<p class=\" eplus-wrapper\">Sajnos ez az egyszer\u0171 megold\u00e1s nem alkalmazhat\u00f3 a konyha minden elektromos k\u00e9sz\u00fcl\u00e9k\u00e9re. P\u00e9ld\u00e1ul nem mindig egyszer\u0171 kih\u00fazni a be\u00e9p\u00edtett s\u00fct\u0151t \u00e9s\/vagy mikrohull\u00e1m\u00fa s\u00fct\u0151t. Nem is besz\u00e9lve a h\u0171t\u0151szekr\u00e9nyr\u0151l, amelynek term\u00e9szetesen bedugva kell maradnia. Ebben az esetben a k\u00e9szenl\u00e9ti fogyaszt\u00e1s soha nem ker\u00fclhet\u0151 el teljesen. \u00c1ltal\u00e1noss\u00e1gban azonban k\u00fcl\u00f6nbs\u00e9gek vannak a r\u00e9gebbi \u00e9s rosszul karbantartott k\u00e9sz\u00fcl\u00e9kek \u00e9s az \u00fajabb \u00e9s jobban karbantartott k\u00e9sz\u00fcl\u00e9kek k\u00f6z\u00f6tt.&#13;\n&#13;\nTranslated with www.DeepL.com\/Translator (free version)<\/p>\n\n<p class=\" eplus-wrapper\">Tipp: Rendszeres tiszt\u00edt\u00e1ssal \u00e9s leolvaszt\u00e1ssal id\u0151nk\u00e9nt szervizelje meg a h\u0171t\u0151szekr\u00e9nyt. Extra tipp: Tegye ezt nyaral\u00e1s k\u00f6zben, amikor am\u00fagy sem haszn\u00e1lja a h\u0171t\u0151szekr\u00e9nyt!<\/p>\n\n<h3 class=\" wp-block-heading eplus-wrapper\">K\u00fasz\u00f3 fogyaszt\u00e1s a mos\u00f3g\u00e9pekben \u00e9s sz\u00e1r\u00edt\u00f3g\u00e9pekben<\/h3>\n\n<p class=\" eplus-wrapper\">A k\u00e9szenl\u00e9ti fogyaszt\u00e1s vesz\u00e9lye a mos\u00f3g\u00e9pek \u00e9s sz\u00e1r\u00edt\u00f3g\u00e9pek haszn\u00e1latakor is fenn\u00e1ll. Ezek a k\u00e9sz\u00fcl\u00e9kek m\u00e9g akkor is gyakran k\u00e9szenl\u00e9ti \u00fczemm\u00f3dban maradnak, amikor nincsenek haszn\u00e1latban. Ez a k\u00fasz\u00f3 fogyaszt\u00e1s az\u00e9rt k\u00fcl\u00f6n\u00f6sen alattomos, mert ezek a k\u00e9sz\u00fcl\u00e9kek intelligens funkci\u00f3kkal \u00e9s modern kijelz\u0151kkel vannak felszerelve, amelyek \u00e9szrev\u00e9tlen\u00fcl fogyasztj\u00e1k az energi\u00e1t. B\u00e1r els\u0151 pillant\u00e1sra \u00e1rtalmatlannak t\u0171nhet, az \u00e9ves sz\u00fcks\u00e9gtelen fogyaszt\u00e1s \u00f6sszege jelent\u0151sen \u00f6sszead\u00f3dhat.<\/p>\n\n<p class=\" eplus-wrapper\">Gl\u00fccklicherweise gibt es auch in diesem Fall einige einfache L\u00f6sungen, die in Reichweite sind. Die Verwendung von Steckdosenleisten mit Ein-\/Ausschalter bietet eine einfache M\u00f6glichkeit, diese Ger\u00e4te vollst\u00e4ndig auszuschalten, wenn sie nicht in Gebrauch sind. Eine weitere L\u00f6sung ist die Verwendung unserer\u00a0<a href=\"https:\/\/www.homewizard.com\/hu\/energy-socket\/\">Energy Socket<\/a>.<\/p>\n\n<h3 class=\" wp-block-heading eplus-wrapper\">A t\u00f6lt\u0151k k\u00fasz\u00f3 fogyaszt\u00e1sa<\/h3>\n\n<p class=\" eplus-wrapper\">A k\u00e9szenl\u00e9ti fogyaszt\u00e1s utols\u00f3 p\u00e9ld\u00e1ja, amelyet gyakran figyelmen k\u00edv\u00fcl hagynak, de mindenk\u00e9ppen szerepet j\u00e1tszhat, a t\u00f6lt\u0151k k\u00e9szenl\u00e9ti fogyaszt\u00e1sa. Sokaknak van n\u00e9h\u00e1ny szabv\u00e1nyos helye a t\u00f6lt\u0151iknek. A mobiltelefon t\u00f6lt\u0151je az \u00e1gy mellett, a laptop t\u00f6lt\u0151je az \u00edr\u00f3asztalon, vagy b\u00e1rmi m\u00e1s. Gyakran ezek a t\u00f6lt\u0151k \u00e9jjel-nappal bedugva maradnak, m\u00e9g akkor is, ha nem haszn\u00e1lj\u00e1k \u0151ket. A telefonok, laptopok \u00e9s egy\u00e9b eszk\u00f6z\u00f6k t\u00f6lt\u0151i azonban k\u00e9szenl\u00e9ti \u00fczemm\u00f3dban is fogyaszthatnak energi\u00e1t, m\u00e9g akkor is, ha nem t\u00f6lt\u0151dnek akt\u00edvan. Az \u00fajabb t\u00f6lt\u0151kn\u00e9l ez nem olyan nagy probl\u00e9ma, mint a r\u00e9gebbi k\u00e9sz\u00fcl\u00e9kekn\u00e9l, de m\u00e9g ma is el\u0151fordulhat, hogy a t\u00f6lt\u0151k k\u00e9szenl\u00e9ti \u00fczemm\u00f3dban is fogyasztanak energi\u00e1t.<\/p>\n\n<h2 class=\" wp-block-heading eplus-wrapper\">Tov\u00e1bbi betekint\u00e9s a HomeWizard energiaaljzat\u00e1val<\/h2>\n\n<p class=\" eplus-wrapper\">Szeretn\u00e9 jobban \u00e1tl\u00e1tni, hogy h\u00e1ztart\u00e1s\u00e1ban mely k\u00e9sz\u00fcl\u00e9kek fogyasztanak \u00e1ramot k\u00e9szenl\u00e9ti \u00fczemm\u00f3dban? Energiaaljzatunk r\u00f6gz\u00edti, hogy a csatlakoztatott eszk\u00f6z mennyi \u00e1ramot fogyaszt vagy t\u00e9nylegesen termel. Az alkalmaz\u00e1son kereszt\u00fcl ezt m\u00e1sodpercre pontosan, val\u00f3s id\u0151ben l\u00e1thatja, \u00e9s \u00e1ttekint\u00e9st kaphat a napi, heti, havi \u00e9s \u00e9ves fogyaszt\u00e1sr\u00f3l is.<\/p>\n\n<p class=\" eplus-wrapper\">Az energiaaljzattal a hagyom\u00e1nyos k\u00e9sz\u00fcl\u00e9kek is kikapcsolhat\u00f3k azokban az id\u0151szakokban, amikor nincs r\u00e1juk sz\u00fcks\u00e9g. Id\u0151z\u00edt\u0151kkel meghat\u00e1rozhatja, hogy melyik k\u00e9sz\u00fcl\u00e9ket mikor kapcsolja be. A vez\u00e9rl\u00e9s az Energy alkalmaz\u00e1son kereszt\u00fcl t\u00f6rt\u00e9nik, ami szint\u00e9n megk\u00f6nny\u00edti a be\u00e1ll\u00edt\u00e1sokat.<\/p>\n\n<div class=\" wp-block-media-text has-media-on-the-right is-stacked-on-mobile eplus-wrapper\" style=\"grid-template-columns:auto 40%\"><div class=\"wp-block-media-text__content\">\n<h2 class=\" wp-block-heading eplus-wrapper\">Cs\u00f6kkentse a k\u00e9szenl\u00e9ti energiafogyaszt\u00e1st<\/h2>\n\n\n\n<p class=\" eplus-wrapper\">Cs\u00f6kkentse a k\u00e9szenl\u00e9ti energiafogyaszt\u00e1st<\/p>\n\n\n\n<p class=\" eplus-wrapper\">A <a href=\"https:\/\/www.homewizard.com\/hu\/p1-meter\/\">P1 m\u00e9r\u0151<\/a> (29,95 \u20ac) \u00e9l\u0151 betekint\u00e9st ny\u00fajt az \u00e1ram- \u00e9s g\u00e1zfogyaszt\u00e1s\u00e1ba, \u00e9s lehet\u0151v\u00e9 teszi, hogy ne csak a k\u00fasz\u00f3 fogyaszt\u00e1st, hanem az energiasz\u00e1ml\u00e1kat is cs\u00f6kkentse.<\/p>\n<\/div><figure class=\"wp-block-media-text__media\"><img loading=\"lazy\" decoding=\"async\" width=\"442\" height=\"674\" src=\"https:\/\/www.homewizard.com\/wp-content\/uploads\/2023\/11\/P1-meter-Smartphone-HomeWizard-1.png\" alt=\"\" class=\"wp-image-603467 size-full\" srcset=\"https:\/\/www.homewizard.com\/wp-content\/uploads\/2023\/11\/P1-meter-Smartphone-HomeWizard-1.png 442w, https:\/\/www.homewizard.com\/wp-content\/uploads\/2023\/11\/P1-meter-Smartphone-HomeWizard-1-197x300.png 197w\" sizes=\"auto, (max-width: 442px) 100vw, 442px\" \/><\/figure><\/div>\n\n<div class=\"wp-block-group eplus-wrapper\"><div class=\"wp-block-group__inner-container is-layout-constrained wp-block-group-is-layout-constrained\">\n<h3 class=\" wp-block-heading eplus-wrapper\">A szerz\u0151r\u0151l<\/h3>\n\n\n<div class=\"wp-block-post-author\"><div class=\"wp-block-post-author__avatar\"><img alt='' src='https:\/\/secure.gravatar.com\/avatar\/240a43b97dc91ea3f0ce31e290bc9336ead3274a18322d8f4ee960053381454b?s=48&#038;r=g' srcset='https:\/\/secure.gravatar.com\/avatar\/240a43b97dc91ea3f0ce31e290bc9336ead3274a18322d8f4ee960053381454b?s=96&#038;r=g 2x' class='avatar avatar-48 photo' height='48' width='48' \/><\/div><div class=\"wp-block-post-author__content\"><p class=\"wp-block-post-author__name\">Stef Mesman<\/p><\/div><\/div><\/div><\/div>\n\n<div style=\"height:16px\" aria-hidden=\"true\" class=\" wp-block-spacer eplus-wrapper\"><\/div>\n<div class=\"wp-block-post-author-biography\">Stef Mesman term\u00e9kmenedzser, \u00e9s 2015 \u00f3ta dolgozik a HomeWizardn\u00e1l. A HomeWizardon bel\u00fcl \u0151 felel a HomeWizard term\u00e9kek v\u00edzi\u00f3j\u00e1\u00e9rt, fejleszt\u00e9s\u00e9\u00e9rt \u00e9s \u00fcgyf\u00e9l\u00e9lm\u00e9ny\u00e9\u00e9rt. Szorosan egy\u00fcttm\u0171k\u00f6dik az \u00f6sszes csapattal az \u00faj fejleszt\u00e9sek kialak\u00edt\u00e1s\u00e1ban.<\/div>","protected":false},"excerpt":{"rendered":"<p>Mindennapi \u00e9let\u00fcnkben elektronikus eszk\u00f6z\u00f6k vesznek k\u00f6r\u00fcl minket. M\u00e9g ha l\u00e1tsz\u00f3lag ki is vannak kapcsolva, titokban \u00e1ramot fogyasztanak. Ezt a jelens\u00e9get k\u00fasz\u00f3 fogyaszt\u00e1snak vagy k\u00e9szenl\u00e9ti fogyaszt\u00e1snak nevezik, \u00e9s felesleges energiak\u00f6lts\u00e9gekhez \u00e9s k\u00f6rnyezetszennyez\u00e9shez vezethet. De val\u00f3j\u00e1ban mely k\u00e9sz\u00fcl\u00e9kek a legnagyobb b\u0171n\u00f6s\u00f6k? Ebben a blogban elmer\u00fcl\u00fcnk a k\u00fasz\u00f3 fogyaszt\u00e1s vil\u00e1g\u00e1ban, \u00e9s kider\u00edtj\u00fck, hogy mely gyakori k\u00e9sz\u00fcl\u00e9kek fogyasztanak titokban&hellip;<\/p>\n","protected":false},"author":24345,"featured_media":603352,"comment_status":"closed","ping_status":"closed","sticky":false,"template":"","format":"standard","meta":{"_acf_changed":false,"editor_plus_copied_stylings":"{}","footnotes":""},"categories":[349,350],"tags":[],"class_list":["post-1065161","post","type-post","status-publish","format-standard","has-post-thumbnail","hentry","category-magyarazat-hu","category-mentes-hu"],"acf":[],"yoast_head":"<!-- This site is optimized with the Yoast SEO plugin v27.0 - https:\/\/yoast.com\/product\/yoast-seo-wordpress\/ -->\n<title>Mely eszk\u00f6z\u00f6knek van magas k\u00e9szenl\u00e9ti fogyaszt\u00e1sa? - HomeWizard<\/title>\n<meta name=\"description\" content=\"Tudja meg, mely k\u00e9sz\u00fcl\u00e9kek fogyaszt\u00e1sa magas k\u00e9szenl\u00e9ti \u00e1llapotban. A telev\u00edzi\u00f3kt\u00f3l a konyhai k\u00e9sz\u00fcl\u00e9kekig. Takar\u00edtson meg energi\u00e1t a HomeWizard praktikus eszk\u00f6zeivel!\" \/>\n<meta name=\"robots\" content=\"index, follow, max-snippet:-1, max-image-preview:large, max-video-preview:-1\" \/>\n<link rel=\"canonical\" href=\"https:\/\/www.homewizard.com\/hu\/blog\/mely-eszkozoknek-van-magas-keszenleti-fogyasztasa\/\" \/>\n<meta property=\"og:locale\" content=\"hu_HU\" \/>\n<meta property=\"og:type\" content=\"article\" \/>\n<meta property=\"og:title\" content=\"Mely eszk\u00f6z\u00f6knek van magas k\u00e9szenl\u00e9ti fogyaszt\u00e1sa? - HomeWizard\" \/>\n<meta property=\"og:description\" content=\"Tudja meg, mely k\u00e9sz\u00fcl\u00e9kek fogyaszt\u00e1sa magas k\u00e9szenl\u00e9ti \u00e1llapotban. A telev\u00edzi\u00f3kt\u00f3l a konyhai k\u00e9sz\u00fcl\u00e9kekig. Takar\u00edtson meg energi\u00e1t a HomeWizard praktikus eszk\u00f6zeivel!\" \/>\n<meta property=\"og:url\" content=\"https:\/\/www.homewizard.com\/hu\/blog\/mely-eszkozoknek-van-magas-keszenleti-fogyasztasa\/\" \/>\n<meta property=\"og:site_name\" content=\"HomeWizard\" \/>\n<meta property=\"article:publisher\" content=\"https:\/\/www.facebook.com\/HomeWizardBV\/\" \/>\n<meta property=\"article:author\" content=\"https:\/\/www.facebook.com\/HomeWizardBV\" \/>\n<meta property=\"article:published_time\" content=\"2024-07-30T14:52:59+00:00\" \/>\n<meta property=\"article:modified_time\" content=\"2024-07-30T14:53:01+00:00\" \/>\n<meta property=\"og:image\" content=\"https:\/\/www.homewizard.com\/wp-content\/uploads\/2023\/10\/Blog_sluipverbruik_DE-AT.png\" \/>\n\t<meta property=\"og:image:width\" content=\"1110\" \/>\n\t<meta property=\"og:image:height\" content=\"720\" \/>\n\t<meta property=\"og:image:type\" content=\"image\/png\" \/>\n<meta name=\"author\" content=\"Stef Mesman\" \/>\n<meta name=\"twitter:card\" content=\"summary_large_image\" \/>\n<meta name=\"twitter:creator\" content=\"@HomeWizard_NL\" \/>\n<meta name=\"twitter:site\" content=\"@HomeWizard_NL\" \/>\n<meta name=\"twitter:label1\" content=\"Szerz\u0151:\" \/>\n\t<meta name=\"twitter:data1\" content=\"Stef Mesman\" \/>\n\t<meta name=\"twitter:label2\" content=\"Becs\u00fclt olvas\u00e1si id\u0151\" \/>\n\t<meta name=\"twitter:data2\" content=\"8 perc\" \/>\n<script type=\"application\/ld+json\" class=\"yoast-schema-graph\">{\"@context\":\"https:\/\/schema.org\",\"@graph\":[{\"@type\":[\"Article\",\"BlogPosting\"],\"@id\":\"https:\/\/www.homewizard.com\/hu\/blog\/mely-eszkozoknek-van-magas-keszenleti-fogyasztasa\/#article\",\"isPartOf\":{\"@id\":\"https:\/\/www.homewizard.com\/hu\/blog\/mely-eszkozoknek-van-magas-keszenleti-fogyasztasa\/\"},\"author\":{\"name\":\"Stef Mesman\",\"@id\":\"https:\/\/www.homewizard.com\/hu\/#\/schema\/person\/f6d3b19fe5f12e1ab638418b72fb9e9e\"},\"headline\":\"Mely eszk\u00f6z\u00f6knek van magas k\u00e9szenl\u00e9ti fogyaszt\u00e1sa?\",\"datePublished\":\"2024-07-30T14:52:59+00:00\",\"dateModified\":\"2024-07-30T14:53:01+00:00\",\"mainEntityOfPage\":{\"@id\":\"https:\/\/www.homewizard.com\/hu\/blog\/mely-eszkozoknek-van-magas-keszenleti-fogyasztasa\/\"},\"wordCount\":1567,\"publisher\":{\"@id\":\"https:\/\/www.homewizard.com\/hu\/#organization\"},\"image\":{\"@id\":\"https:\/\/www.homewizard.com\/hu\/blog\/mely-eszkozoknek-van-magas-keszenleti-fogyasztasa\/#primaryimage\"},\"thumbnailUrl\":\"https:\/\/www.homewizard.com\/wp-content\/uploads\/2023\/10\/Blog_sluipverbruik_DE-AT.png\",\"articleSection\":[\"Magyar\u00e1zat\",\"Ment\u00e9s\"],\"inLanguage\":\"hu\"},{\"@type\":\"WebPage\",\"@id\":\"https:\/\/www.homewizard.com\/hu\/blog\/mely-eszkozoknek-van-magas-keszenleti-fogyasztasa\/\",\"url\":\"https:\/\/www.homewizard.com\/hu\/blog\/mely-eszkozoknek-van-magas-keszenleti-fogyasztasa\/\",\"name\":\"Mely eszk\u00f6z\u00f6knek van magas k\u00e9szenl\u00e9ti fogyaszt\u00e1sa? - HomeWizard\",\"isPartOf\":{\"@id\":\"https:\/\/www.homewizard.com\/hu\/#website\"},\"primaryImageOfPage\":{\"@id\":\"https:\/\/www.homewizard.com\/hu\/blog\/mely-eszkozoknek-van-magas-keszenleti-fogyasztasa\/#primaryimage\"},\"image\":{\"@id\":\"https:\/\/www.homewizard.com\/hu\/blog\/mely-eszkozoknek-van-magas-keszenleti-fogyasztasa\/#primaryimage\"},\"thumbnailUrl\":\"https:\/\/www.homewizard.com\/wp-content\/uploads\/2023\/10\/Blog_sluipverbruik_DE-AT.png\",\"datePublished\":\"2024-07-30T14:52:59+00:00\",\"dateModified\":\"2024-07-30T14:53:01+00:00\",\"description\":\"Tudja meg, mely k\u00e9sz\u00fcl\u00e9kek fogyaszt\u00e1sa magas k\u00e9szenl\u00e9ti \u00e1llapotban. A telev\u00edzi\u00f3kt\u00f3l a konyhai k\u00e9sz\u00fcl\u00e9kekig. Takar\u00edtson meg energi\u00e1t a HomeWizard praktikus eszk\u00f6zeivel!\",\"breadcrumb\":{\"@id\":\"https:\/\/www.homewizard.com\/hu\/blog\/mely-eszkozoknek-van-magas-keszenleti-fogyasztasa\/#breadcrumb\"},\"inLanguage\":\"hu\",\"potentialAction\":[{\"@type\":\"ReadAction\",\"target\":[\"https:\/\/www.homewizard.com\/hu\/blog\/mely-eszkozoknek-van-magas-keszenleti-fogyasztasa\/\"]}]},{\"@type\":\"ImageObject\",\"inLanguage\":\"hu\",\"@id\":\"https:\/\/www.homewizard.com\/hu\/blog\/mely-eszkozoknek-van-magas-keszenleti-fogyasztasa\/#primaryimage\",\"url\":\"https:\/\/www.homewizard.com\/wp-content\/uploads\/2023\/10\/Blog_sluipverbruik_DE-AT.png\",\"contentUrl\":\"https:\/\/www.homewizard.com\/wp-content\/uploads\/2023\/10\/Blog_sluipverbruik_DE-AT.png\",\"width\":1110,\"height\":720},{\"@type\":\"BreadcrumbList\",\"@id\":\"https:\/\/www.homewizard.com\/hu\/blog\/mely-eszkozoknek-van-magas-keszenleti-fogyasztasa\/#breadcrumb\",\"itemListElement\":[{\"@type\":\"ListItem\",\"position\":1,\"name\":\"Home\",\"item\":\"https:\/\/www.homewizard.com\/hu\/\"},{\"@type\":\"ListItem\",\"position\":2,\"name\":\"Mely eszk\u00f6z\u00f6knek van magas k\u00e9szenl\u00e9ti fogyaszt\u00e1sa?\"}]},{\"@type\":\"WebSite\",\"@id\":\"https:\/\/www.homewizard.com\/hu\/#website\",\"url\":\"https:\/\/www.homewizard.com\/hu\/\",\"name\":\"HomeWizard\",\"description\":\"HomeWizard Energy\",\"publisher\":{\"@id\":\"https:\/\/www.homewizard.com\/hu\/#organization\"},\"potentialAction\":[{\"@type\":\"SearchAction\",\"target\":{\"@type\":\"EntryPoint\",\"urlTemplate\":\"https:\/\/www.homewizard.com\/hu\/?s={search_term_string}\"},\"query-input\":{\"@type\":\"PropertyValueSpecification\",\"valueRequired\":true,\"valueName\":\"search_term_string\"}}],\"inLanguage\":\"hu\"},{\"@type\":\"Organization\",\"@id\":\"https:\/\/www.homewizard.com\/hu\/#organization\",\"name\":\"HomeWizard\",\"url\":\"https:\/\/www.homewizard.com\/hu\/\",\"logo\":{\"@type\":\"ImageObject\",\"inLanguage\":\"hu\",\"@id\":\"https:\/\/www.homewizard.com\/hu\/#\/schema\/logo\/image\/\",\"url\":\"https:\/\/www.homewizard.com\/wp-content\/uploads\/2023\/06\/HomeWizard-icon-on-black.png\",\"contentUrl\":\"https:\/\/www.homewizard.com\/wp-content\/uploads\/2023\/06\/HomeWizard-icon-on-black.png\",\"width\":500,\"height\":500,\"caption\":\"HomeWizard\"},\"image\":{\"@id\":\"https:\/\/www.homewizard.com\/hu\/#\/schema\/logo\/image\/\"},\"sameAs\":[\"https:\/\/www.facebook.com\/HomeWizardBV\/\",\"https:\/\/x.com\/HomeWizard_NL\",\"https:\/\/www.youtube.com\/HomeWizardBV\",\"https:\/\/www.instagram.com\/homewizardenergy\/\"]},{\"@type\":\"Person\",\"@id\":\"https:\/\/www.homewizard.com\/hu\/#\/schema\/person\/f6d3b19fe5f12e1ab638418b72fb9e9e\",\"name\":\"Stef Mesman\",\"image\":{\"@type\":\"ImageObject\",\"inLanguage\":\"hu\",\"@id\":\"https:\/\/www.homewizard.com\/hu\/#\/schema\/person\/image\/\",\"url\":\"https:\/\/secure.gravatar.com\/avatar\/240a43b97dc91ea3f0ce31e290bc9336ead3274a18322d8f4ee960053381454b?s=96&r=g\",\"contentUrl\":\"https:\/\/secure.gravatar.com\/avatar\/240a43b97dc91ea3f0ce31e290bc9336ead3274a18322d8f4ee960053381454b?s=96&r=g\",\"caption\":\"Stef Mesman\"},\"description\":\"Stef Mesman is Productmanager en werkt al sinds 2015 bij HomeWizard. Binnen HomeWizard is hij verantwoordelijk voor de visie, ontwikkeling en klantervaring van de HomeWizard producten. Hij werkt nauw samen met alle teams om nieuwe ontwikkelingen vorm te geven.\",\"sameAs\":[\"https:\/\/www.homewizard.com\/nl\/\",\"https:\/\/www.facebook.com\/HomeWizardBV\",\"https:\/\/www.instagram.com\/homewizardenergy\/\",\"https:\/\/www.linkedin.com\/in\/stefmesman\/\",\"https:\/\/x.com\/HomeWizard_NL\",\"https:\/\/www.youtube.com\/@HomeWizardBV\/\"],\"url\":\"https:\/\/www.homewizard.com\/hu\/blog\/author\/smesman\/\"}]}<\/script>\n<!-- \/ Yoast SEO plugin. -->","yoast_head_json":{"title":"Mely eszk\u00f6z\u00f6knek van magas k\u00e9szenl\u00e9ti fogyaszt\u00e1sa? - HomeWizard","description":"Tudja meg, mely k\u00e9sz\u00fcl\u00e9kek fogyaszt\u00e1sa magas k\u00e9szenl\u00e9ti \u00e1llapotban. A telev\u00edzi\u00f3kt\u00f3l a konyhai k\u00e9sz\u00fcl\u00e9kekig. Takar\u00edtson meg energi\u00e1t a HomeWizard praktikus eszk\u00f6zeivel!","robots":{"index":"index","follow":"follow","max-snippet":"max-snippet:-1","max-image-preview":"max-image-preview:large","max-video-preview":"max-video-preview:-1"},"canonical":"https:\/\/www.homewizard.com\/hu\/blog\/mely-eszkozoknek-van-magas-keszenleti-fogyasztasa\/","og_locale":"hu_HU","og_type":"article","og_title":"Mely eszk\u00f6z\u00f6knek van magas k\u00e9szenl\u00e9ti fogyaszt\u00e1sa? - HomeWizard","og_description":"Tudja meg, mely k\u00e9sz\u00fcl\u00e9kek fogyaszt\u00e1sa magas k\u00e9szenl\u00e9ti \u00e1llapotban. A telev\u00edzi\u00f3kt\u00f3l a konyhai k\u00e9sz\u00fcl\u00e9kekig. Takar\u00edtson meg energi\u00e1t a HomeWizard praktikus eszk\u00f6zeivel!","og_url":"https:\/\/www.homewizard.com\/hu\/blog\/mely-eszkozoknek-van-magas-keszenleti-fogyasztasa\/","og_site_name":"HomeWizard","article_publisher":"https:\/\/www.facebook.com\/HomeWizardBV\/","article_author":"https:\/\/www.facebook.com\/HomeWizardBV","article_published_time":"2024-07-30T14:52:59+00:00","article_modified_time":"2024-07-30T14:53:01+00:00","og_image":[{"width":1110,"height":720,"url":"https:\/\/www.homewizard.com\/wp-content\/uploads\/2023\/10\/Blog_sluipverbruik_DE-AT.png","type":"image\/png"}],"author":"Stef Mesman","twitter_card":"summary_large_image","twitter_creator":"@HomeWizard_NL","twitter_site":"@HomeWizard_NL","twitter_misc":{"Szerz\u0151:":"Stef Mesman","Becs\u00fclt olvas\u00e1si id\u0151":"8 perc"},"schema":{"@context":"https:\/\/schema.org","@graph":[{"@type":["Article","BlogPosting"],"@id":"https:\/\/www.homewizard.com\/hu\/blog\/mely-eszkozoknek-van-magas-keszenleti-fogyasztasa\/#article","isPartOf":{"@id":"https:\/\/www.homewizard.com\/hu\/blog\/mely-eszkozoknek-van-magas-keszenleti-fogyasztasa\/"},"author":{"name":"Stef Mesman","@id":"https:\/\/www.homewizard.com\/hu\/#\/schema\/person\/f6d3b19fe5f12e1ab638418b72fb9e9e"},"headline":"Mely eszk\u00f6z\u00f6knek van magas k\u00e9szenl\u00e9ti fogyaszt\u00e1sa?","datePublished":"2024-07-30T14:52:59+00:00","dateModified":"2024-07-30T14:53:01+00:00","mainEntityOfPage":{"@id":"https:\/\/www.homewizard.com\/hu\/blog\/mely-eszkozoknek-van-magas-keszenleti-fogyasztasa\/"},"wordCount":1567,"publisher":{"@id":"https:\/\/www.homewizard.com\/hu\/#organization"},"image":{"@id":"https:\/\/www.homewizard.com\/hu\/blog\/mely-eszkozoknek-van-magas-keszenleti-fogyasztasa\/#primaryimage"},"thumbnailUrl":"https:\/\/www.homewizard.com\/wp-content\/uploads\/2023\/10\/Blog_sluipverbruik_DE-AT.png","articleSection":["Magyar\u00e1zat","Ment\u00e9s"],"inLanguage":"hu"},{"@type":"WebPage","@id":"https:\/\/www.homewizard.com\/hu\/blog\/mely-eszkozoknek-van-magas-keszenleti-fogyasztasa\/","url":"https:\/\/www.homewizard.com\/hu\/blog\/mely-eszkozoknek-van-magas-keszenleti-fogyasztasa\/","name":"Mely eszk\u00f6z\u00f6knek van magas k\u00e9szenl\u00e9ti fogyaszt\u00e1sa? - HomeWizard","isPartOf":{"@id":"https:\/\/www.homewizard.com\/hu\/#website"},"primaryImageOfPage":{"@id":"https:\/\/www.homewizard.com\/hu\/blog\/mely-eszkozoknek-van-magas-keszenleti-fogyasztasa\/#primaryimage"},"image":{"@id":"https:\/\/www.homewizard.com\/hu\/blog\/mely-eszkozoknek-van-magas-keszenleti-fogyasztasa\/#primaryimage"},"thumbnailUrl":"https:\/\/www.homewizard.com\/wp-content\/uploads\/2023\/10\/Blog_sluipverbruik_DE-AT.png","datePublished":"2024-07-30T14:52:59+00:00","dateModified":"2024-07-30T14:53:01+00:00","description":"Tudja meg, mely k\u00e9sz\u00fcl\u00e9kek fogyaszt\u00e1sa magas k\u00e9szenl\u00e9ti \u00e1llapotban. A telev\u00edzi\u00f3kt\u00f3l a konyhai k\u00e9sz\u00fcl\u00e9kekig. Takar\u00edtson meg energi\u00e1t a HomeWizard praktikus eszk\u00f6zeivel!","breadcrumb":{"@id":"https:\/\/www.homewizard.com\/hu\/blog\/mely-eszkozoknek-van-magas-keszenleti-fogyasztasa\/#breadcrumb"},"inLanguage":"hu","potentialAction":[{"@type":"ReadAction","target":["https:\/\/www.homewizard.com\/hu\/blog\/mely-eszkozoknek-van-magas-keszenleti-fogyasztasa\/"]}]},{"@type":"ImageObject","inLanguage":"hu","@id":"https:\/\/www.homewizard.com\/hu\/blog\/mely-eszkozoknek-van-magas-keszenleti-fogyasztasa\/#primaryimage","url":"https:\/\/www.homewizard.com\/wp-content\/uploads\/2023\/10\/Blog_sluipverbruik_DE-AT.png","contentUrl":"https:\/\/www.homewizard.com\/wp-content\/uploads\/2023\/10\/Blog_sluipverbruik_DE-AT.png","width":1110,"height":720},{"@type":"BreadcrumbList","@id":"https:\/\/www.homewizard.com\/hu\/blog\/mely-eszkozoknek-van-magas-keszenleti-fogyasztasa\/#breadcrumb","itemListElement":[{"@type":"ListItem","position":1,"name":"Home","item":"https:\/\/www.homewizard.com\/hu\/"},{"@type":"ListItem","position":2,"name":"Mely eszk\u00f6z\u00f6knek van magas k\u00e9szenl\u00e9ti fogyaszt\u00e1sa?"}]},{"@type":"WebSite","@id":"https:\/\/www.homewizard.com\/hu\/#website","url":"https:\/\/www.homewizard.com\/hu\/","name":"HomeWizard","description":"HomeWizard Energy","publisher":{"@id":"https:\/\/www.homewizard.com\/hu\/#organization"},"potentialAction":[{"@type":"SearchAction","target":{"@type":"EntryPoint","urlTemplate":"https:\/\/www.homewizard.com\/hu\/?s={search_term_string}"},"query-input":{"@type":"PropertyValueSpecification","valueRequired":true,"valueName":"search_term_string"}}],"inLanguage":"hu"},{"@type":"Organization","@id":"https:\/\/www.homewizard.com\/hu\/#organization","name":"HomeWizard","url":"https:\/\/www.homewizard.com\/hu\/","logo":{"@type":"ImageObject","inLanguage":"hu","@id":"https:\/\/www.homewizard.com\/hu\/#\/schema\/logo\/image\/","url":"https:\/\/www.homewizard.com\/wp-content\/uploads\/2023\/06\/HomeWizard-icon-on-black.png","contentUrl":"https:\/\/www.homewizard.com\/wp-content\/uploads\/2023\/06\/HomeWizard-icon-on-black.png","width":500,"height":500,"caption":"HomeWizard"},"image":{"@id":"https:\/\/www.homewizard.com\/hu\/#\/schema\/logo\/image\/"},"sameAs":["https:\/\/www.facebook.com\/HomeWizardBV\/","https:\/\/x.com\/HomeWizard_NL","https:\/\/www.youtube.com\/HomeWizardBV","https:\/\/www.instagram.com\/homewizardenergy\/"]},{"@type":"Person","@id":"https:\/\/www.homewizard.com\/hu\/#\/schema\/person\/f6d3b19fe5f12e1ab638418b72fb9e9e","name":"Stef Mesman","image":{"@type":"ImageObject","inLanguage":"hu","@id":"https:\/\/www.homewizard.com\/hu\/#\/schema\/person\/image\/","url":"https:\/\/secure.gravatar.com\/avatar\/240a43b97dc91ea3f0ce31e290bc9336ead3274a18322d8f4ee960053381454b?s=96&r=g","contentUrl":"https:\/\/secure.gravatar.com\/avatar\/240a43b97dc91ea3f0ce31e290bc9336ead3274a18322d8f4ee960053381454b?s=96&r=g","caption":"Stef Mesman"},"description":"Stef Mesman is Productmanager en werkt al sinds 2015 bij HomeWizard. Binnen HomeWizard is hij verantwoordelijk voor de visie, ontwikkeling en klantervaring van de HomeWizard producten. Hij werkt nauw samen met alle teams om nieuwe ontwikkelingen vorm te geven.","sameAs":["https:\/\/www.homewizard.com\/nl\/","https:\/\/www.facebook.com\/HomeWizardBV","https:\/\/www.instagram.com\/homewizardenergy\/","https:\/\/www.linkedin.com\/in\/stefmesman\/","https:\/\/x.com\/HomeWizard_NL","https:\/\/www.youtube.com\/@HomeWizardBV\/"],"url":"https:\/\/www.homewizard.com\/hu\/blog\/author\/smesman\/"}]}},"_links":{"self":[{"href":"https:\/\/www.homewizard.com\/hu\/wp-json\/wp\/v2\/posts\/1065161","targetHints":{"allow":["GET"]}}],"collection":[{"href":"https:\/\/www.homewizard.com\/hu\/wp-json\/wp\/v2\/posts"}],"about":[{"href":"https:\/\/www.homewizard.com\/hu\/wp-json\/wp\/v2\/types\/post"}],"author":[{"embeddable":true,"href":"https:\/\/www.homewizard.com\/hu\/wp-json\/wp\/v2\/users\/24345"}],"replies":[{"embeddable":true,"href":"https:\/\/www.homewizard.com\/hu\/wp-json\/wp\/v2\/comments?post=1065161"}],"version-history":[{"count":1,"href":"https:\/\/www.homewizard.com\/hu\/wp-json\/wp\/v2\/posts\/1065161\/revisions"}],"predecessor-version":[{"id":1065162,"href":"https:\/\/www.homewizard.com\/hu\/wp-json\/wp\/v2\/posts\/1065161\/revisions\/1065162"}],"wp:featuredmedia":[{"embeddable":true,"href":"https:\/\/www.homewizard.com\/hu\/wp-json\/wp\/v2\/media\/603352"}],"wp:attachment":[{"href":"https:\/\/www.homewizard.com\/hu\/wp-json\/wp\/v2\/media?parent=1065161"}],"wp:term":[{"taxonomy":"category","embeddable":true,"href":"https:\/\/www.homewizard.com\/hu\/wp-json\/wp\/v2\/categories?post=1065161"},{"taxonomy":"post_tag","embeddable":true,"href":"https:\/\/www.homewizard.com\/hu\/wp-json\/wp\/v2\/tags?post=1065161"}],"curies":[{"name":"wp","href":"https:\/\/api.w.org\/{rel}","templated":true}]}}