{"id":1065033,"date":"2024-07-30T16:24:12","date_gmt":"2024-07-30T14:24:12","guid":{"rendered":"https:\/\/www.homewizard.com\/blog\/van-intelligens-fogyasztasmerom\/"},"modified":"2024-07-30T16:24:13","modified_gmt":"2024-07-30T14:24:13","slug":"van-intelligens-fogyasztasmerom","status":"publish","type":"post","link":"https:\/\/www.homewizard.com\/hu\/blog\/van-intelligens-fogyasztasmerom\/","title":{"rendered":"Van intelligens fogyaszt\u00e1sm\u00e9r\u0151m?"},"content":{"rendered":"\n<p class=\" eplus-wrapper\">Ausztri\u00e1ban a h\u00e1ztart\u00e1sok t\u00f6bbs\u00e9ge m\u00e1r rendelkezik intelligens fogyaszt\u00e1sm\u00e9r\u0151vel. Az uni\u00f3s ir\u00e1nyelvek szerint a mag\u00e1nh\u00e1ztart\u00e1sok legal\u00e1bb 80%-\u00e1nak rendelkeznie kell ilyen intelligens fogyaszt\u00e1sm\u00e9r\u0151vel. <\/p>\n\n<p class=\" eplus-wrapper\">Nemr\u00e9g cser\u00e9lte ki a h\u00e1l\u00f3zat\u00fczemeltet\u0151 a r\u00e9gi Ferraris villany\u00f3r\u00e1j\u00e1t? Akkor \u00d6nnek intelligens fogyaszt\u00e1sm\u00e9r\u0151je van. Ha nem, vagy ha nem biztos benne, olvasson tov\u00e1bb.<\/p>\n\n<h2 class=\" wp-block-heading eplus-wrapper\">Anal\u00f3g villany\u00f3ra<\/h2>\n\n<p class=\" eplus-wrapper\">Az anal\u00f3g villany\u00f3ra (Ferraris-m\u00e9r\u0151) felismerhet\u0151 a forg\u00f3 t\u00e1rcs\u00e1r\u00f3l. A m\u00e9r\u0151\u00e1ll\u00e1s sz\u00e1mokkal, forg\u00f3 t\u00e1rcs\u00e1kon jelenik meg, hasonl\u00f3an az anal\u00f3g v\u00edzm\u00e9r\u0151h\u00f6z. Az \u00fcgyfelek sz\u00e1m\u00e1ra szinte lehetetlen, hogy l\u00e1ss\u00e1k az aktu\u00e1lis energiafogyaszt\u00e1sukat \u00e9s a kapcsol\u00f3d\u00f3 k\u00f6lts\u00e9geket.<\/p>\n\n<h2 class=\" wp-block-heading eplus-wrapper\">Intelligens m\u00e9r\u0151m\u0171szer<\/h2>\n\n<p class=\" eplus-wrapper\">Az \u00fcgyfeleket a h\u00e1l\u00f3zat\u00fczemeltet\u0151 \u00edr\u00e1sban t\u00e1j\u00e9koztatja az intelligens fogyaszt\u00e1sm\u00e9r\u0151 felszerel\u00e9se el\u0151tt. Az intelligens fogyaszt\u00e1sm\u00e9r\u0151 adatokat kap az intelligens g\u00e1z\u00f3r\u00e1t\u00f3l, ha rendelkezik ilyennel. Az okos m\u00e9r\u0151k az \u00d6n saj\u00e1t term\u00e9keit is m\u00e9rhetik, p\u00e9ld\u00e1ul a fotovoltaikus rendszer\u00e9b\u0151l.  A beszerelt m\u00e9r\u0151k t\u00f6bbs\u00e9ge P1-es csatlakoz\u00e1ssal rendelkez\u0151 intelligens m\u00e9r\u0151.  Erre a csatlakoz\u00e1sra csatlakoztathatja a HomeWizard intelligens P1 m\u00e9r\u0151j\u00e9t, amellyel maga is betekint\u00e9st nyerhet. Itt olvashatja el, hogy hol tal\u00e1lja az intelligens m\u00e9r\u0151j\u00e9n a P1 csatlakoz\u00e1st.<\/p>\n\n<h2 class=\" wp-block-heading eplus-wrapper\">Hogyan lehet felismerni egy intelligens fogyaszt\u00e1sm\u00e9r\u0151t?<\/h2>\n\n<p class=\" eplus-wrapper\">Um Einblick in Ihren Energieverbrauch zu erhalten, k\u00f6nnen Sie HomeWizard-Produkte wie den\u00a0<a href=\"https:\/\/www.homewizard.com\/hu\/p1-meter\/\">P1 Meter<\/a>\u00a0oder den\u00a0<a href=\"https:\/\/www.homewizard.com\/hu\/kwh-meter\/\">kWh Meter<\/a>\u00a0verwenden. Daf\u00fcr ist ein Smart Meter notwendig. Daher ist es gut zu wissen, ob Sie einen Smart Meter haben.<\/p>\n\n<p class=\" eplus-wrapper\">Ha rendszeresen kap energiajelent\u00e9st \u00e9s\/vagy fogyaszt\u00e1si k\u00f6lts\u00e9g-\u00f6sszefoglal\u00f3t az energiaszolg\u00e1ltat\u00f3j\u00e1t\u00f3l, akkor intelligens fogyaszt\u00e1sm\u00e9r\u0151vel rendelkezik. Az intelligens fogyaszt\u00e1sm\u00e9r\u0151k valahogy \u00edgy n\u00e9znek ki:<\/p>\n<div class=\"wp-block-image \">\n<figure class=\"aligncenter size-full is-resized eplus-wrapper\"><img loading=\"lazy\" decoding=\"async\" width=\"338\" height=\"611\" src=\"https:\/\/cdn.homewizard.com\/wp-content\/uploads\/2024\/03\/smart-meter.png\" alt=\"\" class=\"wp-image-602488\" style=\"width:auto;height:300px\" srcset=\"https:\/\/www.homewizard.com\/wp-content\/uploads\/2024\/03\/smart-meter.png 338w, https:\/\/www.homewizard.com\/wp-content\/uploads\/2024\/03\/smart-meter-166x300.png 166w\" sizes=\"auto, (max-width: 338px) 100vw, 338px\" \/><\/figure>\n<\/div>\n<p class=\" eplus-wrapper\"><\/p>\n\n<h2 class=\" wp-block-heading eplus-wrapper\">Hogyan ismerhet\u0151 fel az intelligens g\u00e1zm\u00e9r\u0151?<\/h2>\n\n<p class=\" eplus-wrapper\">K\u00e9tf\u00e9le g\u00e1zm\u00e9r\u0151 l\u00e9tezik: Az anal\u00f3g g\u00e1zm\u00e9r\u0151nek van egy sz\u00e1mjegyekkel ell\u00e1tott sz\u00e1ml\u00e1l\u00f3ja, amely forg\u00f3 kerekeken van, mint az anal\u00f3g villany\u00f3ra vagy az anal\u00f3g v\u00edzm\u00e9r\u0151. Az intelligens g\u00e1zm\u00e9r\u0151 k\u00e9perny\u0151vel rendelkezik, amelyen a m\u00e9r\u0151\u00e1ll\u00e1s digit\u00e1lisan jelenik meg. Az intelligens g\u00e1zm\u00e9r\u0151 automatikusan csatlakozik az intelligens villany\u00f3r\u00e1hoz: Az adatok \u00edgy \u00f6sszekapcsol\u00f3dnak \u00e9s tov\u00e1bb\u00edt\u00e1sra ker\u00fclnek az energiaszolg\u00e1ltat\u00f3nak.<\/p>\n\n<h2 class=\" wp-block-heading eplus-wrapper\">Tudja meg azonnal, hogy van-e intelligens fogyaszt\u00e1sm\u00e9r\u0151je<\/h2>\n\n<p class=\" eplus-wrapper\">Ha gyorsan szeretn\u00e9 megtudni, hogy van-e intelligens fogyaszt\u00e1sm\u00e9r\u0151je, megn\u00e9zheti ezt a list\u00e1t is. Neh\u00e9z teljes list\u00e1t \u00f6ssze\u00e1ll\u00edtani; sok m\u00e9r\u0151 n\u00e9ha m\u00e1s sz\u00e1m alatt szerepel. Ezek nyilv\u00e1nval\u00f3an ugyan\u00fagy n\u00e9znek ki \u00e9s ugyan\u00fagy m\u0171k\u00f6dnek. Ha van olyan m\u00e9r\u0151je otthon, amelyik szerepel az al\u00e1bbi list\u00e1n, akkor intelligens m\u00e9r\u0151je van:<\/p>\n\n<p>Honeywell DM515&#13;\nIskra AM550E\/AM550T&#13;\nIskra AM550E\/AM550T&#13;\nKaifa&#13;\nKaifa MA110M&#13;\nKaifa MA309M&#13;\nKamstrup&#13;\nLandis&amp;Gyr E450&#13;\nLandis&amp;Gyr E450s4&#13;\nLandis&amp;Gyr E451&#13;\nNES MTR1000\/3000&#13;\nNES MTR1000\/3000 Gen&#13;\nNES MTR1000\/3000 Gen 3.1\/3.2&#13;\nSAGEMCOM S210&#13;\nSAGEMCOM T210-D-r&#13;\nSAGEMCOM T216-D&#13;\nSiconia T210-D&#13;\nSiemens IM150\/350&#13;\nSiemens TD-3510\/11&#13;\nSiemens TD-3512<\/p>\n\n<div class=\" wp-block-media-text has-media-on-the-right is-stacked-on-mobile eplus-wrapper\" style=\"grid-template-columns:auto 35%\"><div class=\"wp-block-media-text__content\">\n<h2 class=\" wp-block-heading eplus-wrapper\">Szeretne saj\u00e1t maga betekint\u00e9st nyerni energiafogyaszt\u00e1s\u00e1ba?<\/h2>\n\n\n\n<p class=\" eplus-wrapper\">Az intelligens fogyaszt\u00e1sm\u00e9r\u0151 r\u00f6gz\u00edti az \u00d6n energiafogyaszt\u00e1s\u00e1t, \u00e9s tov\u00e1bb\u00edtja azt az energiaszolg\u00e1ltat\u00f3nak. A HomeWizard <a href=\"https:\/\/www.homewizard.com\/hu\/p1-meter\/\">P1 Meter<\/a> ezeket az adatokat egy praktikus alkalmaz\u00e1sban is megtekintheti! \u00cdgy p\u00e9ld\u00e1ul k\u00f6nnyed\u00e9n sp\u00f3rolhat az energiasz\u00e1ml\u00e1j\u00e1n.<\/p>\n<\/div><figure class=\"wp-block-media-text__media\"><img loading=\"lazy\" decoding=\"async\" width=\"644\" height=\"570\" src=\"https:\/\/www.homewizard.com\/wp-content\/uploads\/2023\/02\/P1-meter-render-slanted.png\" alt=\"\" class=\"wp-image-261201 size-full\" srcset=\"https:\/\/www.homewizard.com\/wp-content\/uploads\/2023\/02\/P1-meter-render-slanted.png 644w, https:\/\/www.homewizard.com\/wp-content\/uploads\/2023\/02\/P1-meter-render-slanted-300x266.png 300w, https:\/\/www.homewizard.com\/wp-content\/uploads\/2023\/02\/P1-meter-render-slanted-600x531.png 600w\" sizes=\"auto, (max-width: 644px) 100vw, 644px\" \/><\/figure><\/div>\n\n<div class=\"wp-block-group eplus-wrapper\"><div class=\"wp-block-group__inner-container is-layout-constrained wp-block-group-is-layout-constrained\">\n<h3 class=\" wp-block-heading eplus-wrapper\">A szerz\u0151r\u0151l<\/h3>\n\n\n<div class=\"wp-block-post-author\"><div class=\"wp-block-post-author__avatar\"><img alt='' src='https:\/\/secure.gravatar.com\/avatar\/240a43b97dc91ea3f0ce31e290bc9336ead3274a18322d8f4ee960053381454b?s=48&#038;r=g' srcset='https:\/\/secure.gravatar.com\/avatar\/240a43b97dc91ea3f0ce31e290bc9336ead3274a18322d8f4ee960053381454b?s=96&#038;r=g 2x' class='avatar avatar-48 photo' height='48' width='48' \/><\/div><div class=\"wp-block-post-author__content\"><p class=\"wp-block-post-author__name\">Stef Mesman<\/p><\/div><\/div><\/div><\/div>\n\n<div style=\"height:16px\" aria-hidden=\"true\" class=\" wp-block-spacer eplus-wrapper\"><\/div>\n<div class=\"wp-block-post-author-biography\">Stef Mesman term\u00e9kmenedzser, \u00e9s 2015 \u00f3ta dolgozik a HomeWizardn\u00e1l. A HomeWizardon bel\u00fcl \u0151 felel a HomeWizard term\u00e9kek v\u00edzi\u00f3j\u00e1\u00e9rt, fejleszt\u00e9s\u00e9\u00e9rt \u00e9s \u00fcgyf\u00e9l\u00e9lm\u00e9ny\u00e9\u00e9rt. Szorosan egy\u00fcttm\u0171k\u00f6dik az \u00f6sszes csapattal az \u00faj fejleszt\u00e9sek kialak\u00edt\u00e1s\u00e1ban.<\/div>","protected":false},"excerpt":{"rendered":"<p>Ausztri\u00e1ban a h\u00e1ztart\u00e1sok t\u00f6bbs\u00e9ge m\u00e1r rendelkezik intelligens fogyaszt\u00e1sm\u00e9r\u0151vel. Az uni\u00f3s ir\u00e1nyelvek szerint a mag\u00e1nh\u00e1ztart\u00e1sok legal\u00e1bb 80%-\u00e1nak rendelkeznie kell ilyen intelligens fogyaszt\u00e1sm\u00e9r\u0151vel. Nemr\u00e9g cser\u00e9lte ki a h\u00e1l\u00f3zat\u00fczemeltet\u0151 a r\u00e9gi Ferraris villany\u00f3r\u00e1j\u00e1t? Akkor \u00d6nnek intelligens fogyaszt\u00e1sm\u00e9r\u0151je van. Ha nem, vagy ha nem biztos benne, olvasson tov\u00e1bb. Anal\u00f3g villany\u00f3ra Az anal\u00f3g villany\u00f3ra (Ferraris-m\u00e9r\u0151) felismerhet\u0151 a forg\u00f3 t\u00e1rcs\u00e1r\u00f3l. A&hellip;<\/p>\n","protected":false},"author":24345,"featured_media":602516,"comment_status":"closed","ping_status":"closed","sticky":false,"template":"","format":"standard","meta":{"_acf_changed":false,"editor_plus_copied_stylings":"{}","footnotes":""},"categories":[349],"tags":[],"class_list":["post-1065033","post","type-post","status-publish","format-standard","has-post-thumbnail","hentry","category-magyarazat-hu"],"acf":[],"yoast_head":"<!-- This site is optimized with the Yoast SEO plugin v27.0 - https:\/\/yoast.com\/product\/yoast-seo-wordpress\/ -->\n<title>Van intelligens fogyaszt\u00e1sm\u00e9r\u0151m? \u00cdgy ellen\u0151rizheti! - HomeWizard<\/title>\n<meta name=\"description\" content=\"Az intelligens fogyaszt\u00e1sm\u00e9r\u0151 automatikusan elk\u00fcldi a fogyaszt\u00e1si adatokat a h\u00e1l\u00f3zat \u00fczemeltet\u0151j\u00e9nek. Olvassa el ezt a blogot, hogy megtudja, hogyan der\u00edtheti ki, hogy van-e intelligens fogyaszt\u00e1sm\u00e9r\u0151je.\" \/>\n<meta name=\"robots\" content=\"index, follow, max-snippet:-1, max-image-preview:large, max-video-preview:-1\" \/>\n<link rel=\"canonical\" href=\"https:\/\/www.homewizard.com\/hu\/blog\/van-intelligens-fogyasztasmerom\/\" \/>\n<meta property=\"og:locale\" content=\"hu_HU\" \/>\n<meta property=\"og:type\" content=\"article\" \/>\n<meta property=\"og:title\" content=\"Van intelligens fogyaszt\u00e1sm\u00e9r\u0151m? \u00cdgy ellen\u0151rizheti! - HomeWizard\" \/>\n<meta property=\"og:description\" content=\"Az intelligens fogyaszt\u00e1sm\u00e9r\u0151 automatikusan elk\u00fcldi a fogyaszt\u00e1si adatokat a h\u00e1l\u00f3zat \u00fczemeltet\u0151j\u00e9nek. Olvassa el ezt a blogot, hogy megtudja, hogyan der\u00edtheti ki, hogy van-e intelligens fogyaszt\u00e1sm\u00e9r\u0151je.\" \/>\n<meta property=\"og:url\" content=\"https:\/\/www.homewizard.com\/hu\/blog\/van-intelligens-fogyasztasmerom\/\" \/>\n<meta property=\"og:site_name\" content=\"HomeWizard\" \/>\n<meta property=\"article:publisher\" content=\"https:\/\/www.facebook.com\/HomeWizardBV\/\" \/>\n<meta property=\"article:author\" content=\"https:\/\/www.facebook.com\/HomeWizardBV\" \/>\n<meta property=\"article:published_time\" content=\"2024-07-30T14:24:12+00:00\" \/>\n<meta property=\"article:modified_time\" content=\"2024-07-30T14:24:13+00:00\" \/>\n<meta property=\"og:image\" content=\"https:\/\/www.homewizard.com\/wp-content\/uploads\/2024\/03\/habe-ich-einen-smart-meter.png\" \/>\n\t<meta property=\"og:image:width\" content=\"1110\" \/>\n\t<meta property=\"og:image:height\" content=\"720\" \/>\n\t<meta property=\"og:image:type\" content=\"image\/png\" \/>\n<meta name=\"author\" content=\"Stef Mesman\" \/>\n<meta name=\"twitter:card\" content=\"summary_large_image\" \/>\n<meta name=\"twitter:creator\" content=\"@HomeWizard_NL\" \/>\n<meta name=\"twitter:site\" content=\"@HomeWizard_NL\" \/>\n<meta name=\"twitter:label1\" content=\"Szerz\u0151:\" \/>\n\t<meta name=\"twitter:data1\" content=\"Stef Mesman\" \/>\n\t<meta name=\"twitter:label2\" content=\"Becs\u00fclt olvas\u00e1si id\u0151\" \/>\n\t<meta name=\"twitter:data2\" content=\"3 perc\" \/>\n<script type=\"application\/ld+json\" class=\"yoast-schema-graph\">{\"@context\":\"https:\/\/schema.org\",\"@graph\":[{\"@type\":[\"Article\",\"BlogPosting\"],\"@id\":\"https:\/\/www.homewizard.com\/hu\/blog\/van-intelligens-fogyasztasmerom\/#article\",\"isPartOf\":{\"@id\":\"https:\/\/www.homewizard.com\/hu\/blog\/van-intelligens-fogyasztasmerom\/\"},\"author\":{\"name\":\"Stef Mesman\",\"@id\":\"https:\/\/www.homewizard.com\/hu\/#\/schema\/person\/f6d3b19fe5f12e1ab638418b72fb9e9e\"},\"headline\":\"Van intelligens fogyaszt\u00e1sm\u00e9r\u0151m?\",\"datePublished\":\"2024-07-30T14:24:12+00:00\",\"dateModified\":\"2024-07-30T14:24:13+00:00\",\"mainEntityOfPage\":{\"@id\":\"https:\/\/www.homewizard.com\/hu\/blog\/van-intelligens-fogyasztasmerom\/\"},\"wordCount\":649,\"publisher\":{\"@id\":\"https:\/\/www.homewizard.com\/hu\/#organization\"},\"image\":{\"@id\":\"https:\/\/www.homewizard.com\/hu\/blog\/van-intelligens-fogyasztasmerom\/#primaryimage\"},\"thumbnailUrl\":\"https:\/\/www.homewizard.com\/wp-content\/uploads\/2024\/03\/habe-ich-einen-smart-meter.png\",\"articleSection\":[\"Magyar\u00e1zat\"],\"inLanguage\":\"hu\"},{\"@type\":\"WebPage\",\"@id\":\"https:\/\/www.homewizard.com\/hu\/blog\/van-intelligens-fogyasztasmerom\/\",\"url\":\"https:\/\/www.homewizard.com\/hu\/blog\/van-intelligens-fogyasztasmerom\/\",\"name\":\"Van intelligens fogyaszt\u00e1sm\u00e9r\u0151m? \u00cdgy ellen\u0151rizheti! - HomeWizard\",\"isPartOf\":{\"@id\":\"https:\/\/www.homewizard.com\/hu\/#website\"},\"primaryImageOfPage\":{\"@id\":\"https:\/\/www.homewizard.com\/hu\/blog\/van-intelligens-fogyasztasmerom\/#primaryimage\"},\"image\":{\"@id\":\"https:\/\/www.homewizard.com\/hu\/blog\/van-intelligens-fogyasztasmerom\/#primaryimage\"},\"thumbnailUrl\":\"https:\/\/www.homewizard.com\/wp-content\/uploads\/2024\/03\/habe-ich-einen-smart-meter.png\",\"datePublished\":\"2024-07-30T14:24:12+00:00\",\"dateModified\":\"2024-07-30T14:24:13+00:00\",\"description\":\"Az intelligens fogyaszt\u00e1sm\u00e9r\u0151 automatikusan elk\u00fcldi a fogyaszt\u00e1si adatokat a h\u00e1l\u00f3zat \u00fczemeltet\u0151j\u00e9nek. Olvassa el ezt a blogot, hogy megtudja, hogyan der\u00edtheti ki, hogy van-e intelligens fogyaszt\u00e1sm\u00e9r\u0151je.\",\"breadcrumb\":{\"@id\":\"https:\/\/www.homewizard.com\/hu\/blog\/van-intelligens-fogyasztasmerom\/#breadcrumb\"},\"inLanguage\":\"hu\",\"potentialAction\":[{\"@type\":\"ReadAction\",\"target\":[\"https:\/\/www.homewizard.com\/hu\/blog\/van-intelligens-fogyasztasmerom\/\"]}]},{\"@type\":\"ImageObject\",\"inLanguage\":\"hu\",\"@id\":\"https:\/\/www.homewizard.com\/hu\/blog\/van-intelligens-fogyasztasmerom\/#primaryimage\",\"url\":\"https:\/\/www.homewizard.com\/wp-content\/uploads\/2024\/03\/habe-ich-einen-smart-meter.png\",\"contentUrl\":\"https:\/\/www.homewizard.com\/wp-content\/uploads\/2024\/03\/habe-ich-einen-smart-meter.png\",\"width\":1110,\"height\":720,\"caption\":\"Verschiedene Smart Meters\"},{\"@type\":\"BreadcrumbList\",\"@id\":\"https:\/\/www.homewizard.com\/hu\/blog\/van-intelligens-fogyasztasmerom\/#breadcrumb\",\"itemListElement\":[{\"@type\":\"ListItem\",\"position\":1,\"name\":\"Home\",\"item\":\"https:\/\/www.homewizard.com\/hu\/\"},{\"@type\":\"ListItem\",\"position\":2,\"name\":\"Van intelligens fogyaszt\u00e1sm\u00e9r\u0151m?\"}]},{\"@type\":\"WebSite\",\"@id\":\"https:\/\/www.homewizard.com\/hu\/#website\",\"url\":\"https:\/\/www.homewizard.com\/hu\/\",\"name\":\"HomeWizard\",\"description\":\"HomeWizard Energy\",\"publisher\":{\"@id\":\"https:\/\/www.homewizard.com\/hu\/#organization\"},\"potentialAction\":[{\"@type\":\"SearchAction\",\"target\":{\"@type\":\"EntryPoint\",\"urlTemplate\":\"https:\/\/www.homewizard.com\/hu\/?s={search_term_string}\"},\"query-input\":{\"@type\":\"PropertyValueSpecification\",\"valueRequired\":true,\"valueName\":\"search_term_string\"}}],\"inLanguage\":\"hu\"},{\"@type\":\"Organization\",\"@id\":\"https:\/\/www.homewizard.com\/hu\/#organization\",\"name\":\"HomeWizard\",\"url\":\"https:\/\/www.homewizard.com\/hu\/\",\"logo\":{\"@type\":\"ImageObject\",\"inLanguage\":\"hu\",\"@id\":\"https:\/\/www.homewizard.com\/hu\/#\/schema\/logo\/image\/\",\"url\":\"https:\/\/www.homewizard.com\/wp-content\/uploads\/2023\/06\/HomeWizard-icon-on-black.png\",\"contentUrl\":\"https:\/\/www.homewizard.com\/wp-content\/uploads\/2023\/06\/HomeWizard-icon-on-black.png\",\"width\":500,\"height\":500,\"caption\":\"HomeWizard\"},\"image\":{\"@id\":\"https:\/\/www.homewizard.com\/hu\/#\/schema\/logo\/image\/\"},\"sameAs\":[\"https:\/\/www.facebook.com\/HomeWizardBV\/\",\"https:\/\/x.com\/HomeWizard_NL\",\"https:\/\/www.youtube.com\/HomeWizardBV\",\"https:\/\/www.instagram.com\/homewizardenergy\/\"]},{\"@type\":\"Person\",\"@id\":\"https:\/\/www.homewizard.com\/hu\/#\/schema\/person\/f6d3b19fe5f12e1ab638418b72fb9e9e\",\"name\":\"Stef Mesman\",\"image\":{\"@type\":\"ImageObject\",\"inLanguage\":\"hu\",\"@id\":\"https:\/\/www.homewizard.com\/hu\/#\/schema\/person\/image\/\",\"url\":\"https:\/\/secure.gravatar.com\/avatar\/240a43b97dc91ea3f0ce31e290bc9336ead3274a18322d8f4ee960053381454b?s=96&r=g\",\"contentUrl\":\"https:\/\/secure.gravatar.com\/avatar\/240a43b97dc91ea3f0ce31e290bc9336ead3274a18322d8f4ee960053381454b?s=96&r=g\",\"caption\":\"Stef Mesman\"},\"description\":\"Stef Mesman is Productmanager en werkt al sinds 2015 bij HomeWizard. Binnen HomeWizard is hij verantwoordelijk voor de visie, ontwikkeling en klantervaring van de HomeWizard producten. Hij werkt nauw samen met alle teams om nieuwe ontwikkelingen vorm te geven.\",\"sameAs\":[\"https:\/\/www.homewizard.com\/nl\/\",\"https:\/\/www.facebook.com\/HomeWizardBV\",\"https:\/\/www.instagram.com\/homewizardenergy\/\",\"https:\/\/www.linkedin.com\/in\/stefmesman\/\",\"https:\/\/x.com\/HomeWizard_NL\",\"https:\/\/www.youtube.com\/@HomeWizardBV\/\"],\"url\":\"https:\/\/www.homewizard.com\/hu\/blog\/author\/smesman\/\"}]}<\/script>\n<!-- \/ Yoast SEO plugin. -->","yoast_head_json":{"title":"Van intelligens fogyaszt\u00e1sm\u00e9r\u0151m? \u00cdgy ellen\u0151rizheti! - HomeWizard","description":"Az intelligens fogyaszt\u00e1sm\u00e9r\u0151 automatikusan elk\u00fcldi a fogyaszt\u00e1si adatokat a h\u00e1l\u00f3zat \u00fczemeltet\u0151j\u00e9nek. Olvassa el ezt a blogot, hogy megtudja, hogyan der\u00edtheti ki, hogy van-e intelligens fogyaszt\u00e1sm\u00e9r\u0151je.","robots":{"index":"index","follow":"follow","max-snippet":"max-snippet:-1","max-image-preview":"max-image-preview:large","max-video-preview":"max-video-preview:-1"},"canonical":"https:\/\/www.homewizard.com\/hu\/blog\/van-intelligens-fogyasztasmerom\/","og_locale":"hu_HU","og_type":"article","og_title":"Van intelligens fogyaszt\u00e1sm\u00e9r\u0151m? \u00cdgy ellen\u0151rizheti! - HomeWizard","og_description":"Az intelligens fogyaszt\u00e1sm\u00e9r\u0151 automatikusan elk\u00fcldi a fogyaszt\u00e1si adatokat a h\u00e1l\u00f3zat \u00fczemeltet\u0151j\u00e9nek. Olvassa el ezt a blogot, hogy megtudja, hogyan der\u00edtheti ki, hogy van-e intelligens fogyaszt\u00e1sm\u00e9r\u0151je.","og_url":"https:\/\/www.homewizard.com\/hu\/blog\/van-intelligens-fogyasztasmerom\/","og_site_name":"HomeWizard","article_publisher":"https:\/\/www.facebook.com\/HomeWizardBV\/","article_author":"https:\/\/www.facebook.com\/HomeWizardBV","article_published_time":"2024-07-30T14:24:12+00:00","article_modified_time":"2024-07-30T14:24:13+00:00","og_image":[{"width":1110,"height":720,"url":"https:\/\/www.homewizard.com\/wp-content\/uploads\/2024\/03\/habe-ich-einen-smart-meter.png","type":"image\/png"}],"author":"Stef Mesman","twitter_card":"summary_large_image","twitter_creator":"@HomeWizard_NL","twitter_site":"@HomeWizard_NL","twitter_misc":{"Szerz\u0151:":"Stef Mesman","Becs\u00fclt olvas\u00e1si id\u0151":"3 perc"},"schema":{"@context":"https:\/\/schema.org","@graph":[{"@type":["Article","BlogPosting"],"@id":"https:\/\/www.homewizard.com\/hu\/blog\/van-intelligens-fogyasztasmerom\/#article","isPartOf":{"@id":"https:\/\/www.homewizard.com\/hu\/blog\/van-intelligens-fogyasztasmerom\/"},"author":{"name":"Stef Mesman","@id":"https:\/\/www.homewizard.com\/hu\/#\/schema\/person\/f6d3b19fe5f12e1ab638418b72fb9e9e"},"headline":"Van intelligens fogyaszt\u00e1sm\u00e9r\u0151m?","datePublished":"2024-07-30T14:24:12+00:00","dateModified":"2024-07-30T14:24:13+00:00","mainEntityOfPage":{"@id":"https:\/\/www.homewizard.com\/hu\/blog\/van-intelligens-fogyasztasmerom\/"},"wordCount":649,"publisher":{"@id":"https:\/\/www.homewizard.com\/hu\/#organization"},"image":{"@id":"https:\/\/www.homewizard.com\/hu\/blog\/van-intelligens-fogyasztasmerom\/#primaryimage"},"thumbnailUrl":"https:\/\/www.homewizard.com\/wp-content\/uploads\/2024\/03\/habe-ich-einen-smart-meter.png","articleSection":["Magyar\u00e1zat"],"inLanguage":"hu"},{"@type":"WebPage","@id":"https:\/\/www.homewizard.com\/hu\/blog\/van-intelligens-fogyasztasmerom\/","url":"https:\/\/www.homewizard.com\/hu\/blog\/van-intelligens-fogyasztasmerom\/","name":"Van intelligens fogyaszt\u00e1sm\u00e9r\u0151m? \u00cdgy ellen\u0151rizheti! - HomeWizard","isPartOf":{"@id":"https:\/\/www.homewizard.com\/hu\/#website"},"primaryImageOfPage":{"@id":"https:\/\/www.homewizard.com\/hu\/blog\/van-intelligens-fogyasztasmerom\/#primaryimage"},"image":{"@id":"https:\/\/www.homewizard.com\/hu\/blog\/van-intelligens-fogyasztasmerom\/#primaryimage"},"thumbnailUrl":"https:\/\/www.homewizard.com\/wp-content\/uploads\/2024\/03\/habe-ich-einen-smart-meter.png","datePublished":"2024-07-30T14:24:12+00:00","dateModified":"2024-07-30T14:24:13+00:00","description":"Az intelligens fogyaszt\u00e1sm\u00e9r\u0151 automatikusan elk\u00fcldi a fogyaszt\u00e1si adatokat a h\u00e1l\u00f3zat \u00fczemeltet\u0151j\u00e9nek. Olvassa el ezt a blogot, hogy megtudja, hogyan der\u00edtheti ki, hogy van-e intelligens fogyaszt\u00e1sm\u00e9r\u0151je.","breadcrumb":{"@id":"https:\/\/www.homewizard.com\/hu\/blog\/van-intelligens-fogyasztasmerom\/#breadcrumb"},"inLanguage":"hu","potentialAction":[{"@type":"ReadAction","target":["https:\/\/www.homewizard.com\/hu\/blog\/van-intelligens-fogyasztasmerom\/"]}]},{"@type":"ImageObject","inLanguage":"hu","@id":"https:\/\/www.homewizard.com\/hu\/blog\/van-intelligens-fogyasztasmerom\/#primaryimage","url":"https:\/\/www.homewizard.com\/wp-content\/uploads\/2024\/03\/habe-ich-einen-smart-meter.png","contentUrl":"https:\/\/www.homewizard.com\/wp-content\/uploads\/2024\/03\/habe-ich-einen-smart-meter.png","width":1110,"height":720,"caption":"Verschiedene Smart Meters"},{"@type":"BreadcrumbList","@id":"https:\/\/www.homewizard.com\/hu\/blog\/van-intelligens-fogyasztasmerom\/#breadcrumb","itemListElement":[{"@type":"ListItem","position":1,"name":"Home","item":"https:\/\/www.homewizard.com\/hu\/"},{"@type":"ListItem","position":2,"name":"Van intelligens fogyaszt\u00e1sm\u00e9r\u0151m?"}]},{"@type":"WebSite","@id":"https:\/\/www.homewizard.com\/hu\/#website","url":"https:\/\/www.homewizard.com\/hu\/","name":"HomeWizard","description":"HomeWizard Energy","publisher":{"@id":"https:\/\/www.homewizard.com\/hu\/#organization"},"potentialAction":[{"@type":"SearchAction","target":{"@type":"EntryPoint","urlTemplate":"https:\/\/www.homewizard.com\/hu\/?s={search_term_string}"},"query-input":{"@type":"PropertyValueSpecification","valueRequired":true,"valueName":"search_term_string"}}],"inLanguage":"hu"},{"@type":"Organization","@id":"https:\/\/www.homewizard.com\/hu\/#organization","name":"HomeWizard","url":"https:\/\/www.homewizard.com\/hu\/","logo":{"@type":"ImageObject","inLanguage":"hu","@id":"https:\/\/www.homewizard.com\/hu\/#\/schema\/logo\/image\/","url":"https:\/\/www.homewizard.com\/wp-content\/uploads\/2023\/06\/HomeWizard-icon-on-black.png","contentUrl":"https:\/\/www.homewizard.com\/wp-content\/uploads\/2023\/06\/HomeWizard-icon-on-black.png","width":500,"height":500,"caption":"HomeWizard"},"image":{"@id":"https:\/\/www.homewizard.com\/hu\/#\/schema\/logo\/image\/"},"sameAs":["https:\/\/www.facebook.com\/HomeWizardBV\/","https:\/\/x.com\/HomeWizard_NL","https:\/\/www.youtube.com\/HomeWizardBV","https:\/\/www.instagram.com\/homewizardenergy\/"]},{"@type":"Person","@id":"https:\/\/www.homewizard.com\/hu\/#\/schema\/person\/f6d3b19fe5f12e1ab638418b72fb9e9e","name":"Stef Mesman","image":{"@type":"ImageObject","inLanguage":"hu","@id":"https:\/\/www.homewizard.com\/hu\/#\/schema\/person\/image\/","url":"https:\/\/secure.gravatar.com\/avatar\/240a43b97dc91ea3f0ce31e290bc9336ead3274a18322d8f4ee960053381454b?s=96&r=g","contentUrl":"https:\/\/secure.gravatar.com\/avatar\/240a43b97dc91ea3f0ce31e290bc9336ead3274a18322d8f4ee960053381454b?s=96&r=g","caption":"Stef Mesman"},"description":"Stef Mesman is Productmanager en werkt al sinds 2015 bij HomeWizard. Binnen HomeWizard is hij verantwoordelijk voor de visie, ontwikkeling en klantervaring van de HomeWizard producten. Hij werkt nauw samen met alle teams om nieuwe ontwikkelingen vorm te geven.","sameAs":["https:\/\/www.homewizard.com\/nl\/","https:\/\/www.facebook.com\/HomeWizardBV","https:\/\/www.instagram.com\/homewizardenergy\/","https:\/\/www.linkedin.com\/in\/stefmesman\/","https:\/\/x.com\/HomeWizard_NL","https:\/\/www.youtube.com\/@HomeWizardBV\/"],"url":"https:\/\/www.homewizard.com\/hu\/blog\/author\/smesman\/"}]}},"_links":{"self":[{"href":"https:\/\/www.homewizard.com\/hu\/wp-json\/wp\/v2\/posts\/1065033","targetHints":{"allow":["GET"]}}],"collection":[{"href":"https:\/\/www.homewizard.com\/hu\/wp-json\/wp\/v2\/posts"}],"about":[{"href":"https:\/\/www.homewizard.com\/hu\/wp-json\/wp\/v2\/types\/post"}],"author":[{"embeddable":true,"href":"https:\/\/www.homewizard.com\/hu\/wp-json\/wp\/v2\/users\/24345"}],"replies":[{"embeddable":true,"href":"https:\/\/www.homewizard.com\/hu\/wp-json\/wp\/v2\/comments?post=1065033"}],"version-history":[{"count":1,"href":"https:\/\/www.homewizard.com\/hu\/wp-json\/wp\/v2\/posts\/1065033\/revisions"}],"predecessor-version":[{"id":1065034,"href":"https:\/\/www.homewizard.com\/hu\/wp-json\/wp\/v2\/posts\/1065033\/revisions\/1065034"}],"wp:featuredmedia":[{"embeddable":true,"href":"https:\/\/www.homewizard.com\/hu\/wp-json\/wp\/v2\/media\/602516"}],"wp:attachment":[{"href":"https:\/\/www.homewizard.com\/hu\/wp-json\/wp\/v2\/media?parent=1065033"}],"wp:term":[{"taxonomy":"category","embeddable":true,"href":"https:\/\/www.homewizard.com\/hu\/wp-json\/wp\/v2\/categories?post=1065033"},{"taxonomy":"post_tag","embeddable":true,"href":"https:\/\/www.homewizard.com\/hu\/wp-json\/wp\/v2\/tags?post=1065033"}],"curies":[{"name":"wp","href":"https:\/\/api.w.org\/{rel}","templated":true}]}}